{"id":21280,"date":"2019-08-25T16:25:14","date_gmt":"2019-08-25T14:25:14","guid":{"rendered":"https:\/\/hockey.be\/?post_type=news&#038;p=14103"},"modified":"2019-10-21T18:00:27","modified_gmt":"2019-10-21T16:00:27","slug":"historisch-belgie-is-europees-kampioen","status":"publish","type":"post","link":"https:\/\/hockey.be\/nl\/historisch-belgie-is-europees-kampioen\/","title":{"rendered":"Historisch! Belgi\u00eb is Europees kampioen"},"content":{"rendered":"\t\t<div data-elementor-type=\"wp-post\" data-elementor-id=\"21280\" class=\"elementor elementor-21280 elementor-21273\" data-elementor-post-type=\"post\">\n\t\t\t\t\t\t<section class=\"elementor-section elementor-top-section elementor-element elementor-element-23f14dc elementor-section-boxed elementor-section-height-default elementor-section-height-default\" data-id=\"23f14dc\" data-element_type=\"section\" data-e-type=\"section\" data-settings=\"{&quot;jet_parallax_layout_list&quot;:[{&quot;jet_parallax_layout_image&quot;:{&quot;url&quot;:&quot;&quot;,&quot;id&quot;:&quot;&quot;,&quot;size&quot;:&quot;&quot;},&quot;_id&quot;:&quot;20a3005&quot;,&quot;jet_parallax_layout_image_tablet&quot;:{&quot;url&quot;:&quot;&quot;,&quot;id&quot;:&quot;&quot;,&quot;size&quot;:&quot;&quot;},&quot;jet_parallax_layout_image_mobile&quot;:{&quot;url&quot;:&quot;&quot;,&quot;id&quot;:&quot;&quot;,&quot;size&quot;:&quot;&quot;},&quot;jet_parallax_layout_speed&quot;:{&quot;unit&quot;:&quot;%&quot;,&quot;size&quot;:50,&quot;sizes&quot;:[]},&quot;jet_parallax_layout_type&quot;:&quot;scroll&quot;,&quot;jet_parallax_layout_z_index&quot;:&quot;&quot;,&quot;jet_parallax_layout_bg_x&quot;:50,&quot;jet_parallax_layout_bg_y&quot;:50,&quot;jet_parallax_layout_bg_size&quot;:&quot;auto&quot;,&quot;jet_parallax_layout_animation_prop&quot;:&quot;transform&quot;,&quot;jet_parallax_layout_on&quot;:[&quot;desktop&quot;,&quot;tablet&quot;],&quot;jet_parallax_layout_image_widescreen&quot;:{&quot;url&quot;:&quot;&quot;,&quot;id&quot;:&quot;&quot;,&quot;size&quot;:&quot;&quot;},&quot;jet_parallax_layout_image_laptop&quot;:{&quot;url&quot;:&quot;&quot;,&quot;id&quot;:&quot;&quot;,&quot;size&quot;:&quot;&quot;},&quot;jet_parallax_layout_image_tablet_extra&quot;:{&quot;url&quot;:&quot;&quot;,&quot;id&quot;:&quot;&quot;,&quot;size&quot;:&quot;&quot;},&quot;jet_parallax_layout_image_mobile_extra&quot;:{&quot;url&quot;:&quot;&quot;,&quot;id&quot;:&quot;&quot;,&quot;size&quot;:&quot;&quot;},&quot;jet_parallax_layout_direction&quot;:&quot;1&quot;,&quot;jet_parallax_layout_fx_direction&quot;:null,&quot;jet_parallax_layout_bg_x_widescreen&quot;:&quot;&quot;,&quot;jet_parallax_layout_bg_x_laptop&quot;:&quot;&quot;,&quot;jet_parallax_layout_bg_x_tablet_extra&quot;:&quot;&quot;,&quot;jet_parallax_layout_bg_x_tablet&quot;:&quot;&quot;,&quot;jet_parallax_layout_bg_x_mobile_extra&quot;:&quot;&quot;,&quot;jet_parallax_layout_bg_x_mobile&quot;:&quot;&quot;,&quot;jet_parallax_layout_bg_y_widescreen&quot;:&quot;&quot;,&quot;jet_parallax_layout_bg_y_laptop&quot;:&quot;&quot;,&quot;jet_parallax_layout_bg_y_tablet_extra&quot;:&quot;&quot;,&quot;jet_parallax_layout_bg_y_tablet&quot;:&quot;&quot;,&quot;jet_parallax_layout_bg_y_mobile_extra&quot;:&quot;&quot;,&quot;jet_parallax_layout_bg_y_mobile&quot;:&quot;&quot;,&quot;jet_parallax_layout_bg_size_widescreen&quot;:&quot;&quot;,&quot;jet_parallax_layout_bg_size_laptop&quot;:&quot;&quot;,&quot;jet_parallax_layout_bg_size_tablet_extra&quot;:&quot;&quot;,&quot;jet_parallax_layout_bg_size_tablet&quot;:&quot;&quot;,&quot;jet_parallax_layout_bg_size_mobile_extra&quot;:&quot;&quot;,&quot;jet_parallax_layout_bg_size_mobile&quot;:&quot;&quot;}]}\">\n\t\t\t\t\t\t<div class=\"elementor-container elementor-column-gap-wider\">\n\t\t\t\t\t<div class=\"elementor-column elementor-col-50 elementor-top-column elementor-element elementor-element-d2728e1\" data-id=\"d2728e1\" data-element_type=\"column\" data-e-type=\"column\">\n\t\t\t<div class=\"elementor-widget-wrap elementor-element-populated\">\n\t\t\t\t\t\t<div class=\"elementor-element elementor-element-fdfdce1 elementor-widget elementor-widget-post-info\" data-id=\"fdfdce1\" data-element_type=\"widget\" data-e-type=\"widget\" data-widget_type=\"post-info.default\">\n\t\t\t\t<div class=\"elementor-widget-container\">\n\t\t\t\t\t\t\t<ul class=\"elementor-inline-items elementor-icon-list-items elementor-post-info\">\n\t\t\t\t\t\t\t\t<li class=\"elementor-icon-list-item elementor-repeater-item-56c45ff elementor-inline-item\" itemprop=\"datePublished\">\n\t\t\t\t\t\t<a href=\"https:\/\/hockey.be\/nl\/2019\/08\/25\/\">\n\t\t\t\t\t\t\t\t\t\t\t<span class=\"elementor-icon-list-icon\">\n\t\t\t\t\t\t\t\t<svg aria-hidden=\"true\" class=\"e-font-icon-svg e-fas-calendar\" viewBox=\"0 0 448 512\" xmlns=\"http:\/\/www.w3.org\/2000\/svg\"><path d=\"M12 192h424c6.6 0 12 5.4 12 12v260c0 26.5-21.5 48-48 48H48c-26.5 0-48-21.5-48-48V204c0-6.6 5.4-12 12-12zm436-44v-36c0-26.5-21.5-48-48-48h-48V12c0-6.6-5.4-12-12-12h-40c-6.6 0-12 5.4-12 12v52H160V12c0-6.6-5.4-12-12-12h-40c-6.6 0-12 5.4-12 12v52H48C21.5 64 0 85.5 0 112v36c0 6.6 5.4 12 12 12h424c6.6 0 12-5.4 12-12z\"><\/path><\/svg>\t\t\t\t\t\t\t<\/span>\n\t\t\t\t\t\t\t\t\t<span class=\"elementor-icon-list-text elementor-post-info__item elementor-post-info__item--type-date\">\n\t\t\t\t\t\t\t\t\t\t<time>augustus 25, 2019<\/time>\t\t\t\t\t<\/span>\n\t\t\t\t\t\t\t\t\t<\/a>\n\t\t\t\t<\/li>\n\t\t\t\t<\/ul>\n\t\t\t\t\t\t<\/div>\n\t\t\t\t<\/div>\n\t\t\t\t<div class=\"elementor-element elementor-element-cd2635c elementor-widget elementor-widget-heading\" data-id=\"cd2635c\" data-element_type=\"widget\" data-e-type=\"widget\" data-widget_type=\"heading.default\">\n\t\t\t\t<div class=\"elementor-widget-container\">\n\t\t\t\t\t<h1 class=\"elementor-heading-title elementor-size-default\">Historisch! Belgi\u00eb is Europees kampioen<\/h1>\t\t\t\t<\/div>\n\t\t\t\t<\/div>\n\t\t\t\t<div class=\"elementor-element elementor-element-4a4f12f elementor-widget-divider--view-line elementor-widget elementor-widget-divider\" data-id=\"4a4f12f\" data-element_type=\"widget\" data-e-type=\"widget\" data-widget_type=\"divider.default\">\n\t\t\t\t<div class=\"elementor-widget-container\">\n\t\t\t\t\t\t\t<div class=\"elementor-divider\">\n\t\t\t<span class=\"elementor-divider-separator\">\n\t\t\t\t\t\t<\/span>\n\t\t<\/div>\n\t\t\t\t\t\t<\/div>\n\t\t\t\t<\/div>\n\t\t\t\t<div class=\"elementor-element elementor-element-8fc6f01 elementor-widget elementor-widget-text-editor\" data-id=\"8fc6f01\" data-element_type=\"widget\" data-e-type=\"widget\" data-widget_type=\"text-editor.default\">\n\t\t\t\t<div class=\"elementor-widget-container\">\n\t\t\t\t\t\t\t\t\t<p>&lt;a href=&#8221;https:\/\/www.facebook.com\/pg\/BELRedLions\/photos\/?tab=album&amp;amp;album_id=10157326471593796&#8243; target=&#8221;_blank&#8221; rel=&#8221;noopener noreferrer&#8221;&gt;&lt;em&gt;&lt;strong&gt;&amp;gt;&amp;gt;&amp;gt;Bekijk alle foto&#8217;s&lt;\/strong&gt;&lt;\/em&gt;&lt;\/a&gt;<\/p><p>De Belgische mannen waren al wereldkampioen. Ze hebben nu ook de Europese titel veroverd, en dit voor de eerste keer in hun geschiedenis! In de finale van de Belfius EuroHockey Championships in Antwerpen, hebben de Red Lions Spanje afgedroogd met een 5-0 score, dankzij doelpunten van Dohmen, van Aubel, Boon (pc), Stockbroekx en Hendrickx (pc). En bovenop deze continentale titel, hebben de mannen van Shane McLeod nu ook al hun een ticket voor de Olympische Spelen van Tokyo in de wacht gesleept, waar ze zullen trachten de gouden plak te veroveren. Maar dat is voor later. Nu is het eerst tijd om te feesten.<\/p><p>Deze Europese titel is dik verdiend voor de bende van Arthur Van Doren. Oordeel zelf: 22 gescoorde doelpunten, voor slechts twee tegendoelpunten, en dan nog in dezelfde wedstrijd! Uitgezonderd tegen Duitsland in de halve finale, hadden de Lions steeds de controle. En in de finale hebben ze hier geen uitzondering op gemaakt, Spanje kon enkel de schijn hoog houden in het eerste kwart, dankzij twee strafcorners. Dit eerste kwart was voor de Belgen al heel intens en rijk aan kansen. Een blitz acceleratie van Wegnez voor Dohmen (10e) en van Aubel die de bal op een presenteerblaadje kreeg van Boccard (15e) en het stond al 2-0. En bij de start van het tweede kwart sneed Boon de Spanjaarden helemaal de benen af, toen hij op strafcorner een pegel hoog in doel ramde (18e). En het festival hield ook na de pauze aan, dankzij een krachtig backhand schot van Stockbroekx, dit alles in een onbeschrijfelijke sfeer. De wedstrijd was al gespeeld.<\/p><p>Maar er moest nog 30 minuten gespeeld worden. Het zouden 30 lastige minuten worden voor de Spanjaarden, de Red Lions speelden het kalmpjes uit. Dit was ideaal voor de fans, die van het moment konden genieten zonder opgevreten te worden door de stress. Ze zagen nog een driedubbele redding van Vanasch (35&lt;sup&gt;e&lt;\/sup&gt;) en een geniale dribble van Briels, die de PC goal van Hendrickx inleidde (39&lt;sup&gt;e&lt;\/sup&gt;).<\/p><p>Voor de eerste keer in haar geschiedenis, werd Belgi\u00eb tot Europees kampioen gekroond, en dit, zes maanden na de wereldtitel. We moeten teruggaan naar 2003 om met Duitsland de vorige winnaar van de &#8216;double&#8217; te vinden. Aan Spaanse kant zou er dus nog wat moeten gewacht worden, om een derde titel binnen te halen. Il faut remonter \u00e0 2003 avec l\u2019Allemagne pour retrouver trace d\u2019un pareil doubl\u00e9. C\u00f4t\u00e9 espagnol, une troisi\u00e8me Coupe d\u2019Europe devra donc attendre.<\/p><p>Noteer ook dat tijdens de rust van deze demonstratie, ex Red Lions kapitein J\u00e9r\u00f4me Truyens in de EHF Hall of Fame werd ingehuldigd. Bravo aan deze Belgische hockeylegende!<\/p><p>En om het rijtje Belgische prijzen volledig te maken, kregen vier Red Lions ook nog eens individuele prijzen: Victor Wegnez werd verkozen tot Beste Speler van het Toernooi, Vincent Vanasch tot Beste Keeper en Tom Boon en Alexander Hendrickx deelden de titel van topscorer met de Spanjaard Pau Quemada en de Nederlander Mirco Pruijser.<\/p><p>&#8212;<\/p><p>Belgi\u00eb &#8211; Spanje 5-0<\/p><p>Doelpunten: 10e Dohmen 1-0, 16e van Aubel 2-0, 18e Boon op pc 3-0, 27e Stockbroekx 4-0, 39e Hendrickx op pc<\/p>\t\t\t\t\t\t\t\t<\/div>\n\t\t\t\t<\/div>\n\t\t\t\t<div class=\"elementor-element elementor-element-554c3b2 elementor-widget-divider--view-line elementor-widget elementor-widget-divider\" data-id=\"554c3b2\" data-element_type=\"widget\" data-e-type=\"widget\" data-widget_type=\"divider.default\">\n\t\t\t\t<div class=\"elementor-widget-container\">\n\t\t\t\t\t\t\t<div class=\"elementor-divider\">\n\t\t\t<span class=\"elementor-divider-separator\">\n\t\t\t\t\t\t<\/span>\n\t\t<\/div>\n\t\t\t\t\t\t<\/div>\n\t\t\t\t<\/div>\n\t\t\t\t\t<\/div>\n\t\t<\/div>\n\t\t\t\t<div class=\"elementor-column elementor-col-50 elementor-top-column elementor-element elementor-element-9090d69\" data-id=\"9090d69\" data-element_type=\"column\" data-e-type=\"column\">\n\t\t\t<div class=\"elementor-widget-wrap elementor-element-populated\">\n\t\t\t\t\t\t<div class=\"elementor-element elementor-element-03e4018 elementor-share-buttons--skin-minimal elementor-share-buttons--shape-circle elementor-share-buttons--view-icon-text elementor-grid-0 elementor-share-buttons--color-official elementor-widget elementor-widget-share-buttons\" data-id=\"03e4018\" data-element_type=\"widget\" data-e-type=\"widget\" data-widget_type=\"share-buttons.default\">\n\t\t\t\t<div class=\"elementor-widget-container\">\n\t\t\t\t\t\t\t<div class=\"elementor-grid\" role=\"list\">\n\t\t\t\t\t\t\t\t<div class=\"elementor-grid-item\" role=\"listitem\">\n\t\t\t\t\t\t<div class=\"elementor-share-btn elementor-share-btn_facebook\" role=\"button\" tabindex=\"0\" aria-label=\"Delen op facebook\">\n\t\t\t\t\t\t\t\t\t\t\t\t\t\t\t<span class=\"elementor-share-btn__icon\">\n\t\t\t\t\t\t\t\t<svg aria-hidden=\"true\" class=\"e-font-icon-svg e-fab-facebook\" viewBox=\"0 0 512 512\" xmlns=\"http:\/\/www.w3.org\/2000\/svg\"><path d=\"M504 256C504 119 393 8 256 8S8 119 8 256c0 123.78 90.69 226.38 209.25 245V327.69h-63V256h63v-54.64c0-62.15 37-96.48 93.67-96.48 27.14 0 55.52 4.84 55.52 4.84v61h-31.28c-30.8 0-40.41 19.12-40.41 38.73V256h68.78l-11 71.69h-57.78V501C413.31 482.38 504 379.78 504 256z\"><\/path><\/svg>\t\t\t\t\t\t\t<\/span>\n\t\t\t\t\t\t\t\t\t\t\t\t\t\t\t\t\t\t\t\t<\/div>\n\t\t\t\t\t<\/div>\n\t\t\t\t\t\t\t\t\t<div class=\"elementor-grid-item\" role=\"listitem\">\n\t\t\t\t\t\t<div class=\"elementor-share-btn elementor-share-btn_twitter\" role=\"button\" tabindex=\"0\" aria-label=\"Delen op twitter\">\n\t\t\t\t\t\t\t\t\t\t\t\t\t\t\t<span class=\"elementor-share-btn__icon\">\n\t\t\t\t\t\t\t\t<svg aria-hidden=\"true\" class=\"e-font-icon-svg e-fab-twitter\" viewBox=\"0 0 512 512\" xmlns=\"http:\/\/www.w3.org\/2000\/svg\"><path d=\"M459.37 151.716c.325 4.548.325 9.097.325 13.645 0 138.72-105.583 298.558-298.558 298.558-59.452 0-114.68-17.219-161.137-47.106 8.447.974 16.568 1.299 25.34 1.299 49.055 0 94.213-16.568 130.274-44.832-46.132-.975-84.792-31.188-98.112-72.772 6.498.974 12.995 1.624 19.818 1.624 9.421 0 18.843-1.3 27.614-3.573-48.081-9.747-84.143-51.98-84.143-102.985v-1.299c13.969 7.797 30.214 12.67 47.431 13.319-28.264-18.843-46.781-51.005-46.781-87.391 0-19.492 5.197-37.36 14.294-52.954 51.655 63.675 129.3 105.258 216.365 109.807-1.624-7.797-2.599-15.918-2.599-24.04 0-57.828 46.782-104.934 104.934-104.934 30.213 0 57.502 12.67 76.67 33.137 23.715-4.548 46.456-13.32 66.599-25.34-7.798 24.366-24.366 44.833-46.132 57.827 21.117-2.273 41.584-8.122 60.426-16.243-14.292 20.791-32.161 39.308-52.628 54.253z\"><\/path><\/svg>\t\t\t\t\t\t\t<\/span>\n\t\t\t\t\t\t\t\t\t\t\t\t\t\t\t\t\t\t\t\t<\/div>\n\t\t\t\t\t<\/div>\n\t\t\t\t\t\t<\/div>\n\t\t\t\t\t\t<\/div>\n\t\t\t\t<\/div>\n\t\t\t\t<div class=\"elementor-element elementor-element-8719082 elementor-widget elementor-widget-heading\" data-id=\"8719082\" data-element_type=\"widget\" data-e-type=\"widget\" data-widget_type=\"heading.default\">\n\t\t\t\t<div class=\"elementor-widget-container\">\n\t\t\t\t\t<h1 class=\"elementor-heading-title elementor-size-default\">laatste nieuws<\/h1>\t\t\t\t<\/div>\n\t\t\t\t<\/div>\n\t\t\t\t<div class=\"elementor-element elementor-element-b5ba5b1 elementor-widget-divider--view-line elementor-widget elementor-widget-divider\" data-id=\"b5ba5b1\" data-element_type=\"widget\" data-e-type=\"widget\" data-widget_type=\"divider.default\">\n\t\t\t\t<div class=\"elementor-widget-container\">\n\t\t\t\t\t\t\t<div class=\"elementor-divider\">\n\t\t\t<span class=\"elementor-divider-separator\">\n\t\t\t\t\t\t<\/span>\n\t\t<\/div>\n\t\t\t\t\t\t<\/div>\n\t\t\t\t<\/div>\n\t\t\t\t\t<\/div>\n\t\t<\/div>\n\t\t\t\t\t<\/div>\n\t\t<\/section>\n\t\t\t\t<section class=\"elementor-section elementor-top-section elementor-element elementor-element-b2104dd elementor-section-full_width elementor-section-height-default elementor-section-height-default\" data-id=\"b2104dd\" data-element_type=\"section\" data-e-type=\"section\" data-settings=\"{&quot;jet_parallax_layout_list&quot;:[{&quot;jet_parallax_layout_image&quot;:{&quot;url&quot;:&quot;&quot;,&quot;id&quot;:&quot;&quot;,&quot;size&quot;:&quot;&quot;},&quot;_id&quot;:&quot;95444d8&quot;,&quot;jet_parallax_layout_image_tablet&quot;:{&quot;url&quot;:&quot;&quot;,&quot;id&quot;:&quot;&quot;,&quot;size&quot;:&quot;&quot;},&quot;jet_parallax_layout_image_mobile&quot;:{&quot;url&quot;:&quot;&quot;,&quot;id&quot;:&quot;&quot;,&quot;size&quot;:&quot;&quot;},&quot;jet_parallax_layout_speed&quot;:{&quot;unit&quot;:&quot;%&quot;,&quot;size&quot;:50,&quot;sizes&quot;:[]},&quot;jet_parallax_layout_type&quot;:&quot;scroll&quot;,&quot;jet_parallax_layout_z_index&quot;:&quot;&quot;,&quot;jet_parallax_layout_bg_x&quot;:50,&quot;jet_parallax_layout_bg_y&quot;:50,&quot;jet_parallax_layout_bg_size&quot;:&quot;auto&quot;,&quot;jet_parallax_layout_animation_prop&quot;:&quot;transform&quot;,&quot;jet_parallax_layout_on&quot;:[&quot;desktop&quot;,&quot;tablet&quot;],&quot;jet_parallax_layout_image_widescreen&quot;:{&quot;url&quot;:&quot;&quot;,&quot;id&quot;:&quot;&quot;,&quot;size&quot;:&quot;&quot;},&quot;jet_parallax_layout_image_laptop&quot;:{&quot;url&quot;:&quot;&quot;,&quot;id&quot;:&quot;&quot;,&quot;size&quot;:&quot;&quot;},&quot;jet_parallax_layout_image_tablet_extra&quot;:{&quot;url&quot;:&quot;&quot;,&quot;id&quot;:&quot;&quot;,&quot;size&quot;:&quot;&quot;},&quot;jet_parallax_layout_image_mobile_extra&quot;:{&quot;url&quot;:&quot;&quot;,&quot;id&quot;:&quot;&quot;,&quot;size&quot;:&quot;&quot;},&quot;jet_parallax_layout_direction&quot;:&quot;1&quot;,&quot;jet_parallax_layout_fx_direction&quot;:null,&quot;jet_parallax_layout_bg_x_widescreen&quot;:&quot;&quot;,&quot;jet_parallax_layout_bg_x_laptop&quot;:&quot;&quot;,&quot;jet_parallax_layout_bg_x_tablet_extra&quot;:&quot;&quot;,&quot;jet_parallax_layout_bg_x_tablet&quot;:&quot;&quot;,&quot;jet_parallax_layout_bg_x_mobile_extra&quot;:&quot;&quot;,&quot;jet_parallax_layout_bg_x_mobile&quot;:&quot;&quot;,&quot;jet_parallax_layout_bg_y_widescreen&quot;:&quot;&quot;,&quot;jet_parallax_layout_bg_y_laptop&quot;:&quot;&quot;,&quot;jet_parallax_layout_bg_y_tablet_extra&quot;:&quot;&quot;,&quot;jet_parallax_layout_bg_y_tablet&quot;:&quot;&quot;,&quot;jet_parallax_layout_bg_y_mobile_extra&quot;:&quot;&quot;,&quot;jet_parallax_layout_bg_y_mobile&quot;:&quot;&quot;,&quot;jet_parallax_layout_bg_size_widescreen&quot;:&quot;&quot;,&quot;jet_parallax_layout_bg_size_laptop&quot;:&quot;&quot;,&quot;jet_parallax_layout_bg_size_tablet_extra&quot;:&quot;&quot;,&quot;jet_parallax_layout_bg_size_tablet&quot;:&quot;&quot;,&quot;jet_parallax_layout_bg_size_mobile_extra&quot;:&quot;&quot;,&quot;jet_parallax_layout_bg_size_mobile&quot;:&quot;&quot;}]}\">\n\t\t\t\t\t\t<div class=\"elementor-container elementor-column-gap-no\">\n\t\t\t\t\t<div class=\"elementor-column elementor-col-100 elementor-top-column elementor-element elementor-element-d8d59e3\" data-id=\"d8d59e3\" data-element_type=\"column\" data-e-type=\"column\">\n\t\t\t<div class=\"elementor-widget-wrap elementor-element-populated\">\n\t\t\t\t\t\t<div class=\"elementor-element elementor-element-450c305 elementor-widget elementor-widget-template\" data-id=\"450c305\" data-element_type=\"widget\" data-e-type=\"widget\" data-widget_type=\"template.default\">\n\t\t\t\t<div class=\"elementor-widget-container\">\n\t\t\t\t\t\t\t<div class=\"elementor-template\">\n\t\t\t\t\t<div data-elementor-type=\"section\" data-elementor-id=\"17871\" class=\"elementor elementor-17871\" data-elementor-post-type=\"elementor_library\">\n\t\t\t<div class=\"elementor-element elementor-element-6fff61c e-flex e-con-boxed e-con e-parent\" data-id=\"6fff61c\" data-element_type=\"container\" data-e-type=\"container\" data-settings=\"{&quot;jet_parallax_layout_list&quot;:[],&quot;background_background&quot;:&quot;classic&quot;}\">\n\t\t\t\t\t<div class=\"e-con-inner\">\n\t\t<div class=\"elementor-element elementor-element-e60463f e-con-full e-flex e-con e-child\" data-id=\"e60463f\" data-element_type=\"container\" data-e-type=\"container\" data-settings=\"{&quot;jet_parallax_layout_list&quot;:[]}\">\n\t\t<div class=\"elementor-element elementor-element-edb842c e-con-full e-flex e-con e-child\" data-id=\"edb842c\" data-element_type=\"container\" data-e-type=\"container\" data-settings=\"{&quot;jet_parallax_layout_list&quot;:[]}\">\n\t\t\t\t<div class=\"elementor-element elementor-element-0b9cac0 elementor-widget elementor-widget-heading\" data-id=\"0b9cac0\" data-element_type=\"widget\" data-e-type=\"widget\" data-settings=\"{&quot;_animation&quot;:&quot;none&quot;}\" data-widget_type=\"heading.default\">\n\t\t\t\t<div class=\"elementor-widget-container\">\n\t\t\t\t\t<h2 class=\"elementor-heading-title elementor-size-default\">News<\/h2>\t\t\t\t<\/div>\n\t\t\t\t<\/div>\n\t\t\t\t<\/div>\n\t\t<div class=\"elementor-element elementor-element-b2b372a e-con-full e-flex e-con e-child\" data-id=\"b2b372a\" data-element_type=\"container\" data-e-type=\"container\" data-settings=\"{&quot;jet_parallax_layout_list&quot;:[]}\">\n\t\t\t\t<div class=\"elementor-element elementor-element-0dda0f6 elementor-view-default elementor-widget elementor-widget-icon\" data-id=\"0dda0f6\" data-element_type=\"widget\" data-e-type=\"widget\" data-widget_type=\"icon.default\">\n\t\t\t\t<div class=\"elementor-widget-container\">\n\t\t\t\t\t\t\t<div class=\"elementor-icon-wrapper\">\n\t\t\t<div class=\"elementor-icon\">\n\t\t\t<svg aria-hidden=\"true\" class=\"e-font-icon-svg e-fas-arrow-right\" viewBox=\"0 0 448 512\" xmlns=\"http:\/\/www.w3.org\/2000\/svg\"><path d=\"M190.5 66.9l22.2-22.2c9.4-9.4 24.6-9.4 33.9 0L441 239c9.4 9.4 9.4 24.6 0 33.9L246.6 467.3c-9.4 9.4-24.6 9.4-33.9 0l-22.2-22.2c-9.5-9.5-9.3-25 .4-34.3L311.4 296H24c-13.3 0-24-10.7-24-24v-32c0-13.3 10.7-24 24-24h287.4L190.9 101.2c-9.8-9.3-10-24.8-.4-34.3z\"><\/path><\/svg>\t\t\t<\/div>\n\t\t<\/div>\n\t\t\t\t\t\t<\/div>\n\t\t\t\t<\/div>\n\t\t\t\t<\/div>\n\t\t\t\t<\/div>\n\t\t<div class=\"elementor-element elementor-element-935d1c5 e-con-full e-flex e-con e-child\" data-id=\"935d1c5\" data-element_type=\"container\" data-e-type=\"container\" data-settings=\"{&quot;jet_parallax_layout_list&quot;:[]}\">\n\t\t<div class=\"elementor-element elementor-element-056c193 e-con-full e-flex e-con e-child\" data-id=\"056c193\" data-element_type=\"container\" data-e-type=\"container\" data-settings=\"{&quot;jet_parallax_layout_list&quot;:[]}\">\n\t\t\t\t<div class=\"elementor-element elementor-element-5107eb8 elementor-widget elementor-widget-heading\" data-id=\"5107eb8\" data-element_type=\"widget\" data-e-type=\"widget\" data-widget_type=\"heading.default\">\n\t\t\t\t<div class=\"elementor-widget-container\">\n\t\t\t\t\t<h2 class=\"elementor-heading-title elementor-size-default\">Selecteer uw Categorie<\/h2>\t\t\t\t<\/div>\n\t\t\t\t<\/div>\n\t\t\t\t<\/div>\n\t\t<div class=\"elementor-element elementor-element-eec9637 e-con-full e-flex e-con e-child\" data-id=\"eec9637\" data-element_type=\"container\" data-e-type=\"container\" data-settings=\"{&quot;jet_parallax_layout_list&quot;:[]}\">\n\t\t\t\t<div class=\"elementor-element elementor-element-efe2eca jet-smart-filter-content-position-line jet-smart-filter-group-position-column elementor-widget elementor-widget-jet-smart-filters-select\" data-id=\"efe2eca\" data-element_type=\"widget\" data-e-type=\"widget\" data-widget_type=\"jet-smart-filters-select.default\">\n\t\t\t\t<div class=\"elementor-widget-container\">\n\t\t\t\t\t<div class=\"jet-smart-filters-select jet-filter \" data-indexer-rule=\"show\" data-show-counter=\"\" data-change-counter=\"always\"><div class=\"jet-select\" data-query-type=\"tax_query\" data-query-var=\"category\" data-smart-filter=\"select\" data-filter-id=\"20504\" data-apply-type=\"ajax\" data-content-provider=\"epro-posts\" data-additional-providers=\"\" data-query-id=\"default\" data-active-label=\"\" data-layout-options=\"{&quot;show_label&quot;:&quot;&quot;,&quot;display_options&quot;:{&quot;show_items_label&quot;:false,&quot;show_decorator&quot;:false,&quot;filter_image_size&quot;:&quot;full&quot;,&quot;show_counter&quot;:false}}\" data-query-var-suffix=\"\" data-apply-on=\"value\">\n\t\t\t\t<select\n\t\t\tclass=\"jet-select__control\"\n\t\t\tname=\"category\"\n\t\t\t\t\t\taria-label=\"News Select FR\"\n\t\t>\n\t\t\n\t\t\t\t\t<option\n\t\t\t\tvalue=\"\"\n\t\t\t\tdata-label=\"Select...\"\n\t\t\t\tdata-counter-prefix=\"\"\n\t\t\t\tdata-counter-suffix=\"\"\n\t\t\t\t\t\t\t\t\t\t\t>Select...<\/option>\n\t\t\t\t\t\t<option\n\t\t\t\tvalue=\"517\"\n\t\t\t\tdata-label=\"BeGold News\"\n\t\t\t\tdata-counter-prefix=\"\"\n\t\t\t\tdata-counter-suffix=\"\"\n\t\t\t\t\t\t\t\t\t\t\t>BeGold News<\/option>\n\t\t\t\t\t\t<option\n\t\t\t\tvalue=\"520\"\n\t\t\t\tdata-label=\"Competitie News\"\n\t\t\t\tdata-counter-prefix=\"\"\n\t\t\t\tdata-counter-suffix=\"\"\n\t\t\t\t\t\t\t\t\t\t\t>Competitie News<\/option>\n\t\t\t\t\t\t<option\n\t\t\t\tvalue=\"60\"\n\t\t\t\tdata-label=\"Euro Hockey League News\"\n\t\t\t\tdata-counter-prefix=\"\"\n\t\t\t\tdata-counter-suffix=\"\"\n\t\t\t\t\t\t\t\t\t\t\t>Euro Hockey League News<\/option>\n\t\t\t\t\t\t<option\n\t\t\t\tvalue=\"519\"\n\t\t\t\tdata-label=\"FIH News\"\n\t\t\t\tdata-counter-prefix=\"\"\n\t\t\t\tdata-counter-suffix=\"\"\n\t\t\t\t\t\t\t\t\t\t\t>FIH News<\/option>\n\t\t\t\t\t\t<option\n\t\t\t\tvalue=\"250\"\n\t\t\t\tdata-label=\"G-Hockey News\"\n\t\t\t\tdata-counter-prefix=\"\"\n\t\t\t\tdata-counter-suffix=\"\"\n\t\t\t\t\t\t\t\t\t\t\t>G-Hockey News<\/option>\n\t\t\t\t\t\t<option\n\t\t\t\tvalue=\"119\"\n\t\t\t\tdata-label=\"Indoor hockey News\"\n\t\t\t\tdata-counter-prefix=\"\"\n\t\t\t\tdata-counter-suffix=\"\"\n\t\t\t\t\t\t\t\t\t\t\t>Indoor hockey News<\/option>\n\t\t\t\t\t\t<option\n\t\t\t\tvalue=\"57\"\n\t\t\t\tdata-label=\"KBHB News\"\n\t\t\t\tdata-counter-prefix=\"\"\n\t\t\t\tdata-counter-suffix=\"\"\n\t\t\t\t\t\t\t\t\t\t\t>KBHB News<\/option>\n\t\t\t\t\t\t<option\n\t\t\t\tvalue=\"206\"\n\t\t\t\tdata-label=\"Ligue Francophone de Hockey News\"\n\t\t\t\tdata-counter-prefix=\"\"\n\t\t\t\tdata-counter-suffix=\"\"\n\t\t\t\t\t\t\t\t\t\t\t>Ligue Francophone de Hockey News<\/option>\n\t\t\t\t\t\t<option\n\t\t\t\tvalue=\"121\"\n\t\t\t\tdata-label=\"Opleidingen VHL News\"\n\t\t\t\tdata-counter-prefix=\"\"\n\t\t\t\tdata-counter-suffix=\"\"\n\t\t\t\t\t\t\t\t\t\t\t>Opleidingen VHL News<\/option>\n\t\t\t\t\t\t<option\n\t\t\t\tvalue=\"403\"\n\t\t\t\tdata-label=\"Red Lions News\"\n\t\t\t\tdata-counter-prefix=\"\"\n\t\t\t\tdata-counter-suffix=\"\"\n\t\t\t\t\t\t\t\t\t\t\t>Red Lions News<\/option>\n\t\t\t\t\t\t<option\n\t\t\t\tvalue=\"518\"\n\t\t\t\tdata-label=\"Red Panthers News\"\n\t\t\t\tdata-counter-prefix=\"\"\n\t\t\t\tdata-counter-suffix=\"\"\n\t\t\t\t\t\t\t\t\t\t\t>Red Panthers News<\/option>\n\t\t\t\t\t\t<option\n\t\t\t\tvalue=\"58\"\n\t\t\t\tdata-label=\"Vlaamse Hockey Liga News\"\n\t\t\t\tdata-counter-prefix=\"\"\n\t\t\t\tdata-counter-suffix=\"\"\n\t\t\t\t\t\t\t\t\t\t\t>Vlaamse Hockey Liga News<\/option>\n\t\t\t<\/select>\n\t<\/div>\n<\/div>\t\t\t\t<\/div>\n\t\t\t\t<\/div>\n\t\t\t\t<\/div>\n\t\t\t\t<\/div>\n\t\t\t\t<div class=\"elementor-element elementor-element-27828c4 elementor-grid-3 elementor-grid-tablet-2 elementor-grid-mobile-1 elementor-posts--thumbnail-top elementor-posts__hover-gradient elementor-widget elementor-widget-posts\" data-id=\"27828c4\" data-element_type=\"widget\" data-e-type=\"widget\" data-settings=\"{&quot;cards_row_gap&quot;:{&quot;unit&quot;:&quot;px&quot;,&quot;size&quot;:30,&quot;sizes&quot;:[]},&quot;_animation&quot;:&quot;none&quot;,&quot;pagination_type&quot;:&quot;numbers&quot;,&quot;cards_columns&quot;:&quot;3&quot;,&quot;cards_columns_tablet&quot;:&quot;2&quot;,&quot;cards_columns_mobile&quot;:&quot;1&quot;,&quot;cards_row_gap_widescreen&quot;:{&quot;unit&quot;:&quot;px&quot;,&quot;size&quot;:&quot;&quot;,&quot;sizes&quot;:[]},&quot;cards_row_gap_laptop&quot;:{&quot;unit&quot;:&quot;px&quot;,&quot;size&quot;:&quot;&quot;,&quot;sizes&quot;:[]},&quot;cards_row_gap_tablet_extra&quot;:{&quot;unit&quot;:&quot;px&quot;,&quot;size&quot;:&quot;&quot;,&quot;sizes&quot;:[]},&quot;cards_row_gap_tablet&quot;:{&quot;unit&quot;:&quot;px&quot;,&quot;size&quot;:&quot;&quot;,&quot;sizes&quot;:[]},&quot;cards_row_gap_mobile_extra&quot;:{&quot;unit&quot;:&quot;px&quot;,&quot;size&quot;:&quot;&quot;,&quot;sizes&quot;:[]},&quot;cards_row_gap_mobile&quot;:{&quot;unit&quot;:&quot;px&quot;,&quot;size&quot;:&quot;&quot;,&quot;sizes&quot;:[]}}\" data-widget_type=\"posts.cards\">\n\t\t\t\t<div class=\"elementor-widget-container\">\n\t\t\t\t\t\t\t<div class=\"elementor-posts-container elementor-posts elementor-posts--skin-cards elementor-grid\" role=\"list\">\n\t\t\t\t<article class=\"elementor-post elementor-grid-item post-92131 post type-post status-publish format-standard has-post-thumbnail hentry category-coupe-de-belgique-news-2\" role=\"listitem\">\n\t\t\t<div class=\"elementor-post__card\">\n\t\t\t\t<a class=\"elementor-post__thumbnail__link\" href=\"https:\/\/hockey.be\/nl\/dr-oetker-hockey-cup-finales-op-zondag-3-mei-op-gantoise\/\" tabindex=\"-1\" ><div class=\"elementor-post__thumbnail\"><img fetchpriority=\"high\" decoding=\"async\" width=\"800\" height=\"222\" src=\"https:\/\/hockey.be\/wp-content\/uploads\/2026\/04\/Header-Site-web-8-1200x333.png\" class=\"attachment-large size-large wp-image-92125\" alt=\"\" srcset=\"https:\/\/hockey.be\/wp-content\/uploads\/2026\/04\/Header-Site-web-8-1200x333.png 1200w, https:\/\/hockey.be\/wp-content\/uploads\/2026\/04\/Header-Site-web-8-300x83.png 300w, https:\/\/hockey.be\/wp-content\/uploads\/2026\/04\/Header-Site-web-8-768x213.png 768w, https:\/\/hockey.be\/wp-content\/uploads\/2026\/04\/Header-Site-web-8-1536x426.png 1536w, https:\/\/hockey.be\/wp-content\/uploads\/2026\/04\/Header-Site-web-8-2048x567.png 2048w\" sizes=\"(max-width: 800px) 100vw, 800px\" \/><\/div><\/a>\n\t\t\t\t<div class=\"elementor-post__badge\">Coupe de Belgique News<\/div>\n\t\t\t\t<div class=\"elementor-post__text\">\n\t\t\t\t<h3 class=\"elementor-post__title\">\n\t\t\t<a href=\"https:\/\/hockey.be\/nl\/dr-oetker-hockey-cup-finales-op-zondag-3-mei-op-gantoise\/\" >\n\t\t\t\tDr. Oetker Hockey Cup: finales op zondag 3 mei op Gantoise\t\t\t<\/a>\n\t\t<\/h3>\n\t\t\t\t\t<div class=\"elementor-post__read-more-wrapper\">\n\t\t\n\t\t<a class=\"elementor-post__read-more\" href=\"https:\/\/hockey.be\/nl\/dr-oetker-hockey-cup-finales-op-zondag-3-mei-op-gantoise\/\" aria-label=\"Lees meer over Dr. Oetker Hockey Cup: finales op zondag 3 mei op Gantoise\" tabindex=\"-1\" >\n\t\t\tLEES MEER\t\t<\/a>\n\n\t\t\t\t\t<\/div>\n\t\t\t\t<\/div>\n\t\t\t\t<div class=\"elementor-post__meta-data\">\n\t\t\t\t\t<span class=\"elementor-post-date\">\n\t\t\t04\/28\/2026\t\t<\/span>\n\t\t\t\t<\/div>\n\t\t\t\t\t<\/div>\n\t\t<\/article>\n\t\t\t\t<article class=\"elementor-post elementor-grid-item post-92932 post type-post status-publish format-standard has-post-thumbnail hentry category-geen-onderdeel-van-een-categorie\" role=\"listitem\">\n\t\t\t<div class=\"elementor-post__card\">\n\t\t\t\t<a class=\"elementor-post__thumbnail__link\" href=\"https:\/\/hockey.be\/nl\/shoot-out-de-100-hockeypodcast-van-le-soir\/\" tabindex=\"-1\" ><div class=\"elementor-post__thumbnail\"><img decoding=\"async\" width=\"800\" height=\"222\" src=\"https:\/\/hockey.be\/wp-content\/uploads\/2026\/04\/Header-Site-web-13-1200x333.png\" class=\"attachment-large size-large wp-image-92926\" alt=\"\" srcset=\"https:\/\/hockey.be\/wp-content\/uploads\/2026\/04\/Header-Site-web-13-1200x333.png 1200w, https:\/\/hockey.be\/wp-content\/uploads\/2026\/04\/Header-Site-web-13-300x83.png 300w, https:\/\/hockey.be\/wp-content\/uploads\/2026\/04\/Header-Site-web-13-768x213.png 768w, https:\/\/hockey.be\/wp-content\/uploads\/2026\/04\/Header-Site-web-13-1536x426.png 1536w, https:\/\/hockey.be\/wp-content\/uploads\/2026\/04\/Header-Site-web-13-2048x567.png 2048w\" sizes=\"(max-width: 800px) 100vw, 800px\" \/><\/div><\/a>\n\t\t\t\t<div class=\"elementor-post__badge\">Geen onderdeel van een categorie<\/div>\n\t\t\t\t<div class=\"elementor-post__text\">\n\t\t\t\t<h3 class=\"elementor-post__title\">\n\t\t\t<a href=\"https:\/\/hockey.be\/nl\/shoot-out-de-100-hockeypodcast-van-le-soir\/\" >\n\t\t\t\tShoot-out &#8211; De 100% hockeypodcast van Le Soir\t\t\t<\/a>\n\t\t<\/h3>\n\t\t\t\t\t<div class=\"elementor-post__read-more-wrapper\">\n\t\t\n\t\t<a class=\"elementor-post__read-more\" href=\"https:\/\/hockey.be\/nl\/shoot-out-de-100-hockeypodcast-van-le-soir\/\" aria-label=\"Lees meer over Shoot-out &#8211; De 100% hockeypodcast van Le Soir\" tabindex=\"-1\" >\n\t\t\tLEES MEER\t\t<\/a>\n\n\t\t\t\t\t<\/div>\n\t\t\t\t<\/div>\n\t\t\t\t<div class=\"elementor-post__meta-data\">\n\t\t\t\t\t<span class=\"elementor-post-date\">\n\t\t\t04\/27\/2026\t\t<\/span>\n\t\t\t\t<\/div>\n\t\t\t\t\t<\/div>\n\t\t<\/article>\n\t\t\t\t<article class=\"elementor-post elementor-grid-item post-92046 post type-post status-publish format-standard has-post-thumbnail hentry category-ehl\" role=\"listitem\">\n\t\t\t<div class=\"elementor-post__card\">\n\t\t\t\t<a class=\"elementor-post__thumbnail__link\" href=\"https:\/\/hockey.be\/nl\/twee-europese-titels-voor-de-belgische-jeugd\/\" tabindex=\"-1\" ><div class=\"elementor-post__thumbnail\"><img decoding=\"async\" width=\"800\" height=\"222\" src=\"https:\/\/hockey.be\/wp-content\/uploads\/2026\/04\/Header-Site-web-7-1200x333.png\" class=\"attachment-large size-large wp-image-92007\" alt=\"\" srcset=\"https:\/\/hockey.be\/wp-content\/uploads\/2026\/04\/Header-Site-web-7-1200x333.png 1200w, https:\/\/hockey.be\/wp-content\/uploads\/2026\/04\/Header-Site-web-7-300x83.png 300w, https:\/\/hockey.be\/wp-content\/uploads\/2026\/04\/Header-Site-web-7-768x213.png 768w, https:\/\/hockey.be\/wp-content\/uploads\/2026\/04\/Header-Site-web-7-1536x426.png 1536w, https:\/\/hockey.be\/wp-content\/uploads\/2026\/04\/Header-Site-web-7-2048x567.png 2048w\" sizes=\"(max-width: 800px) 100vw, 800px\" \/><\/div><\/a>\n\t\t\t\t<div class=\"elementor-post__badge\">Euro Hockey League News<\/div>\n\t\t\t\t<div class=\"elementor-post__text\">\n\t\t\t\t<h3 class=\"elementor-post__title\">\n\t\t\t<a href=\"https:\/\/hockey.be\/nl\/twee-europese-titels-voor-de-belgische-jeugd\/\" >\n\t\t\t\tTwee Europese titels voor de Belgische jeugd\t\t\t<\/a>\n\t\t<\/h3>\n\t\t\t\t\t<div class=\"elementor-post__read-more-wrapper\">\n\t\t\n\t\t<a class=\"elementor-post__read-more\" href=\"https:\/\/hockey.be\/nl\/twee-europese-titels-voor-de-belgische-jeugd\/\" aria-label=\"Lees meer over Twee Europese titels voor de Belgische jeugd\" tabindex=\"-1\" >\n\t\t\tLEES MEER\t\t<\/a>\n\n\t\t\t\t\t<\/div>\n\t\t\t\t<\/div>\n\t\t\t\t<div class=\"elementor-post__meta-data\">\n\t\t\t\t\t<span class=\"elementor-post-date\">\n\t\t\t04\/13\/2026\t\t<\/span>\n\t\t\t\t<\/div>\n\t\t\t\t\t<\/div>\n\t\t<\/article>\n\t\t\t\t<\/div>\n\t\t\n\t\t\t\t<div class=\"e-load-more-anchor\" data-page=\"1\" data-max-page=\"485\" data-next-page=\"https:\/\/hockey.be\/nl\/wp-json\/wp\/v2\/posts\/21280\/page\/2\/\"><\/div>\n\t\t\t\t<nav class=\"elementor-pagination\" aria-label=\"Paginering\">\n\t\t\t<span aria-current=\"page\" class=\"page-numbers current\"><span class=\"elementor-screen-only\">Pagina<\/span>1<\/span>\n<a class=\"page-numbers\" href=\"https:\/\/hockey.be\/nl\/wp-json\/wp\/v2\/posts\/21280\/page\/2\/\"><span class=\"elementor-screen-only\">Pagina<\/span>2<\/a>\n<a class=\"page-numbers\" href=\"https:\/\/hockey.be\/nl\/wp-json\/wp\/v2\/posts\/21280\/page\/3\/\"><span class=\"elementor-screen-only\">Pagina<\/span>3<\/a>\n<span class=\"page-numbers dots\">&hellip;<\/span>\n<a class=\"page-numbers\" href=\"https:\/\/hockey.be\/nl\/wp-json\/wp\/v2\/posts\/21280\/page\/5\/\"><span class=\"elementor-screen-only\">Pagina<\/span>5<\/a>\t\t<\/nav>\n\t\t\t\t\t\t<\/div>\n\t\t\t\t<\/div>\n\t\t\t\t\t<\/div>\n\t\t\t\t<\/div>\n\t\t\t\t<\/div>\n\t\t\t\t<\/div>\n\t\t\t\t\t\t<\/div>\n\t\t\t\t<\/div>\n\t\t\t\t\t<\/div>\n\t\t<\/div>\n\t\t\t\t\t<\/div>\n\t\t<\/section>\n\t\t\t\t<\/div>\n\t\t","protected":false},"excerpt":{"rendered":"<p>&lt;a href=&#8221;https:\/\/www.facebook.com\/pg\/BELRedLions\/photos\/?tab=album&amp;amp;album_id=10157326471593796&#8243; target=&#8221;_blank&#8221; rel=&#8221;noopener noreferrer&#8221;&gt;&lt;em&gt;&lt;strong&gt;&amp;gt;&amp;gt;&amp;gt;Bekijk alle foto&#8217;s&lt;\/strong&gt;&lt;\/em&gt;&lt;\/a&gt; De Belgische mannen waren al wereldkampioen. Ze hebben nu ook de Europese titel veroverd, en dit voor de eerste keer in hun<\/p>\n","protected":false},"author":5,"featured_media":21281,"comment_status":"closed","ping_status":"closed","sticky":false,"template":"","format":"standard","meta":{"_acf_changed":false,"footnotes":""},"categories":[403],"tags":[],"class_list":["post-21280","post","type-post","status-publish","format-standard","has-post-thumbnail","hentry","category-red-lions-2-nl"],"acf":[],"yoast_head":"<!-- This site is optimized with the Yoast SEO plugin v27.5 - https:\/\/yoast.com\/product\/yoast-seo-wordpress\/ -->\n<title>Historisch! Belgi\u00eb is Europees kampioen - Hockey Belgium<\/title>\n<meta name=\"robots\" content=\"index, follow, max-snippet:-1, max-image-preview:large, max-video-preview:-1\" \/>\n<link rel=\"canonical\" href=\"https:\/\/hockey.be\/nl\/historisch-belgie-is-europees-kampioen\/\" \/>\n<meta property=\"og:locale\" content=\"nl_NL\" \/>\n<meta property=\"og:type\" content=\"article\" \/>\n<meta property=\"og:title\" content=\"Historisch! Belgi\u00eb is Europees kampioen - Hockey Belgium\" \/>\n<meta property=\"og:description\" content=\"&lt;a href=&#8221;https:\/\/www.facebook.com\/pg\/BELRedLions\/photos\/?tab=album&amp;amp;album_id=10157326471593796&#8243; target=&#8221;_blank&#8221; rel=&#8221;noopener noreferrer&#8221;&gt;&lt;em&gt;&lt;strong&gt;&amp;gt;&amp;gt;&amp;gt;Bekijk alle foto&#8217;s&lt;\/strong&gt;&lt;\/em&gt;&lt;\/a&gt; De Belgische mannen waren al wereldkampioen. Ze hebben nu ook de Europese titel veroverd, en dit voor de eerste keer in hun\" \/>\n<meta property=\"og:url\" content=\"https:\/\/hockey.be\/nl\/historisch-belgie-is-europees-kampioen\/\" \/>\n<meta property=\"og:site_name\" content=\"Hockey Belgium\" \/>\n<meta property=\"article:published_time\" content=\"2019-08-25T14:25:14+00:00\" \/>\n<meta property=\"article:modified_time\" content=\"2019-10-21T16:00:27+00:00\" \/>\n<meta property=\"og:image\" content=\"https:\/\/hockey.be\/wp-content\/uploads\/2019\/08\/M-Bel-Spain-21652.jpg\" \/>\n\t<meta property=\"og:image:width\" content=\"1920\" \/>\n\t<meta property=\"og:image:height\" content=\"1207\" \/>\n\t<meta property=\"og:image:type\" content=\"image\/jpeg\" \/>\n<meta name=\"author\" content=\"Denis Van Damme\" \/>\n<meta name=\"twitter:card\" content=\"summary_large_image\" \/>\n<meta name=\"twitter:label1\" content=\"Geschreven door\" \/>\n\t<meta name=\"twitter:data1\" content=\"Denis Van Damme\" \/>\n\t<meta name=\"twitter:label2\" content=\"Geschatte leestijd\" \/>\n\t<meta name=\"twitter:data2\" content=\"3 minuten\" \/>\n<script type=\"application\/ld+json\" class=\"yoast-schema-graph\">{\"@context\":\"https:\\\/\\\/schema.org\",\"@graph\":[{\"@type\":\"Article\",\"@id\":\"https:\\\/\\\/hockey.be\\\/nl\\\/historisch-belgie-is-europees-kampioen\\\/#article\",\"isPartOf\":{\"@id\":\"https:\\\/\\\/hockey.be\\\/nl\\\/historisch-belgie-is-europees-kampioen\\\/\"},\"author\":{\"name\":\"Denis Van Damme\",\"@id\":\"https:\\\/\\\/hockey.be\\\/nl\\\/#\\\/schema\\\/person\\\/2bc2a821c4379518fafd1124959a370d\"},\"headline\":\"Historisch! Belgi\u00eb is Europees kampioen\",\"datePublished\":\"2019-08-25T14:25:14+00:00\",\"dateModified\":\"2019-10-21T16:00:27+00:00\",\"mainEntityOfPage\":{\"@id\":\"https:\\\/\\\/hockey.be\\\/nl\\\/historisch-belgie-is-europees-kampioen\\\/\"},\"wordCount\":620,\"publisher\":{\"@id\":\"https:\\\/\\\/hockey.be\\\/nl\\\/#organization\"},\"image\":{\"@id\":\"https:\\\/\\\/hockey.be\\\/nl\\\/historisch-belgie-is-europees-kampioen\\\/#primaryimage\"},\"thumbnailUrl\":\"https:\\\/\\\/hockey.be\\\/wp-content\\\/uploads\\\/2019\\\/08\\\/M-Bel-Spain-21652.jpg\",\"articleSection\":[\"Red Lions News\"],\"inLanguage\":\"nl-NL\"},{\"@type\":\"WebPage\",\"@id\":\"https:\\\/\\\/hockey.be\\\/nl\\\/historisch-belgie-is-europees-kampioen\\\/\",\"url\":\"https:\\\/\\\/hockey.be\\\/nl\\\/historisch-belgie-is-europees-kampioen\\\/\",\"name\":\"Historisch! Belgi\u00eb is Europees kampioen - Hockey Belgium\",\"isPartOf\":{\"@id\":\"https:\\\/\\\/hockey.be\\\/nl\\\/#website\"},\"primaryImageOfPage\":{\"@id\":\"https:\\\/\\\/hockey.be\\\/nl\\\/historisch-belgie-is-europees-kampioen\\\/#primaryimage\"},\"image\":{\"@id\":\"https:\\\/\\\/hockey.be\\\/nl\\\/historisch-belgie-is-europees-kampioen\\\/#primaryimage\"},\"thumbnailUrl\":\"https:\\\/\\\/hockey.be\\\/wp-content\\\/uploads\\\/2019\\\/08\\\/M-Bel-Spain-21652.jpg\",\"datePublished\":\"2019-08-25T14:25:14+00:00\",\"dateModified\":\"2019-10-21T16:00:27+00:00\",\"breadcrumb\":{\"@id\":\"https:\\\/\\\/hockey.be\\\/nl\\\/historisch-belgie-is-europees-kampioen\\\/#breadcrumb\"},\"inLanguage\":\"nl-NL\",\"potentialAction\":[{\"@type\":\"ReadAction\",\"target\":[\"https:\\\/\\\/hockey.be\\\/nl\\\/historisch-belgie-is-europees-kampioen\\\/\"]}]},{\"@type\":\"ImageObject\",\"inLanguage\":\"nl-NL\",\"@id\":\"https:\\\/\\\/hockey.be\\\/nl\\\/historisch-belgie-is-europees-kampioen\\\/#primaryimage\",\"url\":\"https:\\\/\\\/hockey.be\\\/wp-content\\\/uploads\\\/2019\\\/08\\\/M-Bel-Spain-21652.jpg\",\"contentUrl\":\"https:\\\/\\\/hockey.be\\\/wp-content\\\/uploads\\\/2019\\\/08\\\/M-Bel-Spain-21652.jpg\",\"width\":1920,\"height\":1207,\"caption\":\"ANTWERP - WILRIJK, BELGIUM - AUGUST 24 : pictured during the Men's Euro Hockey championship between Belgium v Spain for the gold medal on August 24, 2019 in Antwerp - Wilrijk, Belgium, 24\\\/08\\\/2019 Photo by PHDPH\"},{\"@type\":\"BreadcrumbList\",\"@id\":\"https:\\\/\\\/hockey.be\\\/nl\\\/historisch-belgie-is-europees-kampioen\\\/#breadcrumb\",\"itemListElement\":[{\"@type\":\"ListItem\",\"position\":1,\"name\":\"Home\",\"item\":\"https:\\\/\\\/hockey.be\\\/nl\\\/hockey-belgium\\\/\"},{\"@type\":\"ListItem\",\"position\":2,\"name\":\"Historisch! Belgi\u00eb is Europees kampioen\"}]},{\"@type\":\"WebSite\",\"@id\":\"https:\\\/\\\/hockey.be\\\/nl\\\/#website\",\"url\":\"https:\\\/\\\/hockey.be\\\/nl\\\/\",\"name\":\"Hockey Belgium\",\"description\":\"\",\"publisher\":{\"@id\":\"https:\\\/\\\/hockey.be\\\/nl\\\/#organization\"},\"potentialAction\":[{\"@type\":\"SearchAction\",\"target\":{\"@type\":\"EntryPoint\",\"urlTemplate\":\"https:\\\/\\\/hockey.be\\\/nl\\\/?s={search_term_string}\"},\"query-input\":{\"@type\":\"PropertyValueSpecification\",\"valueRequired\":true,\"valueName\":\"search_term_string\"}}],\"inLanguage\":\"nl-NL\"},{\"@type\":\"Organization\",\"@id\":\"https:\\\/\\\/hockey.be\\\/nl\\\/#organization\",\"name\":\"Hockey Belgium\",\"url\":\"https:\\\/\\\/hockey.be\\\/nl\\\/\",\"logo\":{\"@type\":\"ImageObject\",\"inLanguage\":\"nl-NL\",\"@id\":\"https:\\\/\\\/hockey.be\\\/nl\\\/#\\\/schema\\\/logo\\\/image\\\/\",\"url\":\"https:\\\/\\\/hockey.be\\\/wp-content\\\/uploads\\\/2025\\\/07\\\/logo-hockey-be.svg\",\"contentUrl\":\"https:\\\/\\\/hockey.be\\\/wp-content\\\/uploads\\\/2025\\\/07\\\/logo-hockey-be.svg\",\"width\":724.16,\"height\":241.49,\"caption\":\"Hockey Belgium\"},\"image\":{\"@id\":\"https:\\\/\\\/hockey.be\\\/nl\\\/#\\\/schema\\\/logo\\\/image\\\/\"}},{\"@type\":\"Person\",\"@id\":\"https:\\\/\\\/hockey.be\\\/nl\\\/#\\\/schema\\\/person\\\/2bc2a821c4379518fafd1124959a370d\",\"name\":\"Denis Van Damme\",\"image\":{\"@type\":\"ImageObject\",\"inLanguage\":\"nl-NL\",\"@id\":\"https:\\\/\\\/secure.gravatar.com\\\/avatar\\\/74fd4d8e75abd67001369f0cb6e5d124c58cfad42fcd81bd05aa366396ca7328?s=96&d=mm&r=g\",\"url\":\"https:\\\/\\\/secure.gravatar.com\\\/avatar\\\/74fd4d8e75abd67001369f0cb6e5d124c58cfad42fcd81bd05aa366396ca7328?s=96&d=mm&r=g\",\"contentUrl\":\"https:\\\/\\\/secure.gravatar.com\\\/avatar\\\/74fd4d8e75abd67001369f0cb6e5d124c58cfad42fcd81bd05aa366396ca7328?s=96&d=mm&r=g\",\"caption\":\"Denis Van Damme\"},\"url\":\"https:\\\/\\\/hockey.be\\\/nl\\\/author\\\/denis\\\/\"}]}<\/script>\n<!-- \/ Yoast SEO plugin. -->","yoast_head_json":{"title":"Historisch! Belgi\u00eb is Europees kampioen - Hockey Belgium","robots":{"index":"index","follow":"follow","max-snippet":"max-snippet:-1","max-image-preview":"max-image-preview:large","max-video-preview":"max-video-preview:-1"},"canonical":"https:\/\/hockey.be\/nl\/historisch-belgie-is-europees-kampioen\/","og_locale":"nl_NL","og_type":"article","og_title":"Historisch! Belgi\u00eb is Europees kampioen - Hockey Belgium","og_description":"&lt;a href=&#8221;https:\/\/www.facebook.com\/pg\/BELRedLions\/photos\/?tab=album&amp;amp;album_id=10157326471593796&#8243; target=&#8221;_blank&#8221; rel=&#8221;noopener noreferrer&#8221;&gt;&lt;em&gt;&lt;strong&gt;&amp;gt;&amp;gt;&amp;gt;Bekijk alle foto&#8217;s&lt;\/strong&gt;&lt;\/em&gt;&lt;\/a&gt; De Belgische mannen waren al wereldkampioen. Ze hebben nu ook de Europese titel veroverd, en dit voor de eerste keer in hun","og_url":"https:\/\/hockey.be\/nl\/historisch-belgie-is-europees-kampioen\/","og_site_name":"Hockey Belgium","article_published_time":"2019-08-25T14:25:14+00:00","article_modified_time":"2019-10-21T16:00:27+00:00","og_image":[{"width":1920,"height":1207,"url":"https:\/\/hockey.be\/wp-content\/uploads\/2019\/08\/M-Bel-Spain-21652.jpg","type":"image\/jpeg"}],"author":"Denis Van Damme","twitter_card":"summary_large_image","twitter_misc":{"Geschreven door":"Denis Van Damme","Geschatte leestijd":"3 minuten"},"schema":{"@context":"https:\/\/schema.org","@graph":[{"@type":"Article","@id":"https:\/\/hockey.be\/nl\/historisch-belgie-is-europees-kampioen\/#article","isPartOf":{"@id":"https:\/\/hockey.be\/nl\/historisch-belgie-is-europees-kampioen\/"},"author":{"name":"Denis Van Damme","@id":"https:\/\/hockey.be\/nl\/#\/schema\/person\/2bc2a821c4379518fafd1124959a370d"},"headline":"Historisch! Belgi\u00eb is Europees kampioen","datePublished":"2019-08-25T14:25:14+00:00","dateModified":"2019-10-21T16:00:27+00:00","mainEntityOfPage":{"@id":"https:\/\/hockey.be\/nl\/historisch-belgie-is-europees-kampioen\/"},"wordCount":620,"publisher":{"@id":"https:\/\/hockey.be\/nl\/#organization"},"image":{"@id":"https:\/\/hockey.be\/nl\/historisch-belgie-is-europees-kampioen\/#primaryimage"},"thumbnailUrl":"https:\/\/hockey.be\/wp-content\/uploads\/2019\/08\/M-Bel-Spain-21652.jpg","articleSection":["Red Lions News"],"inLanguage":"nl-NL"},{"@type":"WebPage","@id":"https:\/\/hockey.be\/nl\/historisch-belgie-is-europees-kampioen\/","url":"https:\/\/hockey.be\/nl\/historisch-belgie-is-europees-kampioen\/","name":"Historisch! Belgi\u00eb is Europees kampioen - Hockey Belgium","isPartOf":{"@id":"https:\/\/hockey.be\/nl\/#website"},"primaryImageOfPage":{"@id":"https:\/\/hockey.be\/nl\/historisch-belgie-is-europees-kampioen\/#primaryimage"},"image":{"@id":"https:\/\/hockey.be\/nl\/historisch-belgie-is-europees-kampioen\/#primaryimage"},"thumbnailUrl":"https:\/\/hockey.be\/wp-content\/uploads\/2019\/08\/M-Bel-Spain-21652.jpg","datePublished":"2019-08-25T14:25:14+00:00","dateModified":"2019-10-21T16:00:27+00:00","breadcrumb":{"@id":"https:\/\/hockey.be\/nl\/historisch-belgie-is-europees-kampioen\/#breadcrumb"},"inLanguage":"nl-NL","potentialAction":[{"@type":"ReadAction","target":["https:\/\/hockey.be\/nl\/historisch-belgie-is-europees-kampioen\/"]}]},{"@type":"ImageObject","inLanguage":"nl-NL","@id":"https:\/\/hockey.be\/nl\/historisch-belgie-is-europees-kampioen\/#primaryimage","url":"https:\/\/hockey.be\/wp-content\/uploads\/2019\/08\/M-Bel-Spain-21652.jpg","contentUrl":"https:\/\/hockey.be\/wp-content\/uploads\/2019\/08\/M-Bel-Spain-21652.jpg","width":1920,"height":1207,"caption":"ANTWERP - WILRIJK, BELGIUM - AUGUST 24 : pictured during the Men's Euro Hockey championship between Belgium v Spain for the gold medal on August 24, 2019 in Antwerp - Wilrijk, Belgium, 24\/08\/2019 Photo by PHDPH"},{"@type":"BreadcrumbList","@id":"https:\/\/hockey.be\/nl\/historisch-belgie-is-europees-kampioen\/#breadcrumb","itemListElement":[{"@type":"ListItem","position":1,"name":"Home","item":"https:\/\/hockey.be\/nl\/hockey-belgium\/"},{"@type":"ListItem","position":2,"name":"Historisch! Belgi\u00eb is Europees kampioen"}]},{"@type":"WebSite","@id":"https:\/\/hockey.be\/nl\/#website","url":"https:\/\/hockey.be\/nl\/","name":"Hockey Belgium","description":"","publisher":{"@id":"https:\/\/hockey.be\/nl\/#organization"},"potentialAction":[{"@type":"SearchAction","target":{"@type":"EntryPoint","urlTemplate":"https:\/\/hockey.be\/nl\/?s={search_term_string}"},"query-input":{"@type":"PropertyValueSpecification","valueRequired":true,"valueName":"search_term_string"}}],"inLanguage":"nl-NL"},{"@type":"Organization","@id":"https:\/\/hockey.be\/nl\/#organization","name":"Hockey Belgium","url":"https:\/\/hockey.be\/nl\/","logo":{"@type":"ImageObject","inLanguage":"nl-NL","@id":"https:\/\/hockey.be\/nl\/#\/schema\/logo\/image\/","url":"https:\/\/hockey.be\/wp-content\/uploads\/2025\/07\/logo-hockey-be.svg","contentUrl":"https:\/\/hockey.be\/wp-content\/uploads\/2025\/07\/logo-hockey-be.svg","width":724.16,"height":241.49,"caption":"Hockey Belgium"},"image":{"@id":"https:\/\/hockey.be\/nl\/#\/schema\/logo\/image\/"}},{"@type":"Person","@id":"https:\/\/hockey.be\/nl\/#\/schema\/person\/2bc2a821c4379518fafd1124959a370d","name":"Denis Van Damme","image":{"@type":"ImageObject","inLanguage":"nl-NL","@id":"https:\/\/secure.gravatar.com\/avatar\/74fd4d8e75abd67001369f0cb6e5d124c58cfad42fcd81bd05aa366396ca7328?s=96&d=mm&r=g","url":"https:\/\/secure.gravatar.com\/avatar\/74fd4d8e75abd67001369f0cb6e5d124c58cfad42fcd81bd05aa366396ca7328?s=96&d=mm&r=g","contentUrl":"https:\/\/secure.gravatar.com\/avatar\/74fd4d8e75abd67001369f0cb6e5d124c58cfad42fcd81bd05aa366396ca7328?s=96&d=mm&r=g","caption":"Denis Van Damme"},"url":"https:\/\/hockey.be\/nl\/author\/denis\/"}]}},"_links":{"self":[{"href":"https:\/\/hockey.be\/nl\/wp-json\/wp\/v2\/posts\/21280","targetHints":{"allow":["GET"]}}],"collection":[{"href":"https:\/\/hockey.be\/nl\/wp-json\/wp\/v2\/posts"}],"about":[{"href":"https:\/\/hockey.be\/nl\/wp-json\/wp\/v2\/types\/post"}],"author":[{"embeddable":true,"href":"https:\/\/hockey.be\/nl\/wp-json\/wp\/v2\/users\/5"}],"replies":[{"embeddable":true,"href":"https:\/\/hockey.be\/nl\/wp-json\/wp\/v2\/comments?post=21280"}],"version-history":[{"count":0,"href":"https:\/\/hockey.be\/nl\/wp-json\/wp\/v2\/posts\/21280\/revisions"}],"wp:featuredmedia":[{"embeddable":true,"href":"https:\/\/hockey.be\/nl\/wp-json\/wp\/v2\/media\/21281"}],"wp:attachment":[{"href":"https:\/\/hockey.be\/nl\/wp-json\/wp\/v2\/media?parent=21280"}],"wp:term":[{"taxonomy":"category","embeddable":true,"href":"https:\/\/hockey.be\/nl\/wp-json\/wp\/v2\/categories?post=21280"},{"taxonomy":"post_tag","embeddable":true,"href":"https:\/\/hockey.be\/nl\/wp-json\/wp\/v2\/tags?post=21280"}],"curies":[{"name":"wp","href":"https:\/\/api.w.org\/{rel}","templated":true}]}}