{"id":34843,"date":"2021-03-24T12:01:00","date_gmt":"2021-03-24T11:01:00","guid":{"rendered":"https:\/\/hockey.be\/?p=34843"},"modified":"2021-03-24T10:45:24","modified_gmt":"2021-03-24T09:45:24","slug":"les-championnats-deurope-junior-a-wavre-en-2022","status":"publish","type":"post","link":"https:\/\/hockey.be\/fr\/les-championnats-deurope-junior-a-wavre-en-2022\/","title":{"rendered":"Les Championnats d\u2019Europe Junior \u00e0 Wavre en 2022 !"},"content":{"rendered":"\t\t<div data-elementor-type=\"wp-post\" data-elementor-id=\"34843\" class=\"elementor elementor-34843\" data-elementor-post-type=\"post\">\n\t\t\t\t\t\t<section class=\"elementor-section elementor-top-section elementor-element elementor-element-22ab595a elementor-section-boxed elementor-section-height-default elementor-section-height-default\" data-id=\"22ab595a\" data-element_type=\"section\" data-e-type=\"section\" data-settings=\"{&quot;jet_parallax_layout_list&quot;:[{&quot;_id&quot;:&quot;20a3005&quot;,&quot;jet_parallax_layout_image&quot;:{&quot;url&quot;:&quot;&quot;,&quot;id&quot;:&quot;&quot;,&quot;size&quot;:&quot;&quot;},&quot;jet_parallax_layout_image_widescreen&quot;:{&quot;url&quot;:&quot;&quot;,&quot;id&quot;:&quot;&quot;,&quot;size&quot;:&quot;&quot;},&quot;jet_parallax_layout_image_laptop&quot;:{&quot;url&quot;:&quot;&quot;,&quot;id&quot;:&quot;&quot;,&quot;size&quot;:&quot;&quot;},&quot;jet_parallax_layout_image_tablet_extra&quot;:{&quot;url&quot;:&quot;&quot;,&quot;id&quot;:&quot;&quot;,&quot;size&quot;:&quot;&quot;},&quot;jet_parallax_layout_image_tablet&quot;:{&quot;url&quot;:&quot;&quot;,&quot;id&quot;:&quot;&quot;,&quot;size&quot;:&quot;&quot;},&quot;jet_parallax_layout_image_mobile_extra&quot;:{&quot;url&quot;:&quot;&quot;,&quot;id&quot;:&quot;&quot;,&quot;size&quot;:&quot;&quot;},&quot;jet_parallax_layout_image_mobile&quot;:{&quot;url&quot;:&quot;&quot;,&quot;id&quot;:&quot;&quot;,&quot;size&quot;:&quot;&quot;},&quot;jet_parallax_layout_speed&quot;:{&quot;unit&quot;:&quot;%&quot;,&quot;size&quot;:50,&quot;sizes&quot;:[]},&quot;jet_parallax_layout_type&quot;:&quot;scroll&quot;,&quot;jet_parallax_layout_direction&quot;:&quot;1&quot;,&quot;jet_parallax_layout_fx_direction&quot;:null,&quot;jet_parallax_layout_z_index&quot;:&quot;&quot;,&quot;jet_parallax_layout_bg_x&quot;:50,&quot;jet_parallax_layout_bg_x_widescreen&quot;:&quot;&quot;,&quot;jet_parallax_layout_bg_x_laptop&quot;:&quot;&quot;,&quot;jet_parallax_layout_bg_x_tablet_extra&quot;:&quot;&quot;,&quot;jet_parallax_layout_bg_x_tablet&quot;:&quot;&quot;,&quot;jet_parallax_layout_bg_x_mobile_extra&quot;:&quot;&quot;,&quot;jet_parallax_layout_bg_x_mobile&quot;:&quot;&quot;,&quot;jet_parallax_layout_bg_y&quot;:50,&quot;jet_parallax_layout_bg_y_widescreen&quot;:&quot;&quot;,&quot;jet_parallax_layout_bg_y_laptop&quot;:&quot;&quot;,&quot;jet_parallax_layout_bg_y_tablet_extra&quot;:&quot;&quot;,&quot;jet_parallax_layout_bg_y_tablet&quot;:&quot;&quot;,&quot;jet_parallax_layout_bg_y_mobile_extra&quot;:&quot;&quot;,&quot;jet_parallax_layout_bg_y_mobile&quot;:&quot;&quot;,&quot;jet_parallax_layout_bg_size&quot;:&quot;auto&quot;,&quot;jet_parallax_layout_bg_size_widescreen&quot;:&quot;&quot;,&quot;jet_parallax_layout_bg_size_laptop&quot;:&quot;&quot;,&quot;jet_parallax_layout_bg_size_tablet_extra&quot;:&quot;&quot;,&quot;jet_parallax_layout_bg_size_tablet&quot;:&quot;&quot;,&quot;jet_parallax_layout_bg_size_mobile_extra&quot;:&quot;&quot;,&quot;jet_parallax_layout_bg_size_mobile&quot;:&quot;&quot;,&quot;jet_parallax_layout_animation_prop&quot;:&quot;transform&quot;,&quot;jet_parallax_layout_on&quot;:[&quot;desktop&quot;,&quot;tablet&quot;]}]}\">\n\t\t\t\t\t\t<div class=\"elementor-container elementor-column-gap-wider\">\n\t\t\t\t\t<div class=\"elementor-column elementor-col-50 elementor-top-column elementor-element elementor-element-4d65cf50\" data-id=\"4d65cf50\" data-element_type=\"column\" data-e-type=\"column\">\n\t\t\t<div class=\"elementor-widget-wrap elementor-element-populated\">\n\t\t\t\t\t\t<div class=\"elementor-element elementor-element-3e22f520 elementor-widget elementor-widget-post-info\" data-id=\"3e22f520\" data-element_type=\"widget\" data-e-type=\"widget\" data-widget_type=\"post-info.default\">\n\t\t\t\t<div class=\"elementor-widget-container\">\n\t\t\t\t\t\t\t<ul class=\"elementor-inline-items elementor-icon-list-items elementor-post-info\">\n\t\t\t\t\t\t\t\t<li class=\"elementor-icon-list-item elementor-repeater-item-56c45ff elementor-inline-item\" itemprop=\"datePublished\">\n\t\t\t\t\t\t<a href=\"https:\/\/hockey.be\/fr\/2021\/03\/24\/\">\n\t\t\t\t\t\t\t\t\t\t\t<span class=\"elementor-icon-list-icon\">\n\t\t\t\t\t\t\t\t<svg aria-hidden=\"true\" class=\"e-font-icon-svg e-fas-calendar\" viewBox=\"0 0 448 512\" xmlns=\"http:\/\/www.w3.org\/2000\/svg\"><path d=\"M12 192h424c6.6 0 12 5.4 12 12v260c0 26.5-21.5 48-48 48H48c-26.5 0-48-21.5-48-48V204c0-6.6 5.4-12 12-12zm436-44v-36c0-26.5-21.5-48-48-48h-48V12c0-6.6-5.4-12-12-12h-40c-6.6 0-12 5.4-12 12v52H160V12c0-6.6-5.4-12-12-12h-40c-6.6 0-12 5.4-12 12v52H48C21.5 64 0 85.5 0 112v36c0 6.6 5.4 12 12 12h424c6.6 0 12-5.4 12-12z\"><\/path><\/svg>\t\t\t\t\t\t\t<\/span>\n\t\t\t\t\t\t\t\t\t<span class=\"elementor-icon-list-text elementor-post-info__item elementor-post-info__item--type-date\">\n\t\t\t\t\t\t\t\t\t\t<time>mars 24, 2021<\/time>\t\t\t\t\t<\/span>\n\t\t\t\t\t\t\t\t\t<\/a>\n\t\t\t\t<\/li>\n\t\t\t\t<\/ul>\n\t\t\t\t\t\t<\/div>\n\t\t\t\t<\/div>\n\t\t\t\t<div class=\"elementor-element elementor-element-4ab7ba50 elementor-widget elementor-widget-heading\" data-id=\"4ab7ba50\" data-element_type=\"widget\" data-e-type=\"widget\" data-widget_type=\"heading.default\">\n\t\t\t\t<div class=\"elementor-widget-container\">\n\t\t\t\t\t<h1 class=\"elementor-heading-title elementor-size-default\">Les Championnats d\u2019Europe Junior \u00e0 Wavre en 2022 !<\/h1>\t\t\t\t<\/div>\n\t\t\t\t<\/div>\n\t\t\t\t<div class=\"elementor-element elementor-element-5e10be41 elementor-widget-divider--view-line elementor-widget elementor-widget-divider\" data-id=\"5e10be41\" data-element_type=\"widget\" data-e-type=\"widget\" data-widget_type=\"divider.default\">\n\t\t\t\t<div class=\"elementor-widget-container\">\n\t\t\t\t\t\t\t<div class=\"elementor-divider\">\n\t\t\t<span class=\"elementor-divider-separator\">\n\t\t\t\t\t\t<\/span>\n\t\t<\/div>\n\t\t\t\t\t\t<\/div>\n\t\t\t\t<\/div>\n\t\t\t\t<div class=\"elementor-element elementor-element-460e527a elementor-widget elementor-widget-text-editor\" data-id=\"460e527a\" data-element_type=\"widget\" data-e-type=\"widget\" data-widget_type=\"text-editor.default\">\n\t\t\t\t<div class=\"elementor-widget-container\">\n\t\t\t\t\t\t\t\t\t<p>C\u2019est en Belgique, \u00e0 Wavre plus pr\u00e9cis\u00e9ment, que se d\u00e9rouleront les prochains <strong><em>European Junior Championships 2022<\/em><\/strong><em>. <\/em>La F\u00e9d\u00e9ration de Hockey Europ\u00e9enne (EHF) a annonc\u00e9 ce midi avoir jet\u00e9 son d\u00e9volu sur la candidature belge pour cet \u00e9v\u00e8nement majeur de 2022. La comp\u00e9tition rassemblera les meilleures \u00e9quipes europ\u00e9ennes U21 <strong>f\u00e9minines et masculines<\/strong> du moment.<\/p>\t\t\t\t\t\t\t\t<\/div>\n\t\t\t\t<\/div>\n\t\t\t\t<div class=\"elementor-element elementor-element-4fa486c0 elementor-widget elementor-widget-text-editor\" data-id=\"4fa486c0\" data-element_type=\"widget\" data-e-type=\"widget\" data-widget_type=\"text-editor.default\">\n\t\t\t\t<div class=\"elementor-widget-container\">\n\t\t\t\t\t\t\t\t\t<p>Serge Pilet, CEO of Hockey Belgium a d\u00e9clar\u00e9 : <em>\u00ab\u00a0Nous sommes vraiment ravis de recevoir l\u2019opportunit\u00e9 de pouvoir accueillir cet \u00e9v\u00e9nement majeur en Belgique. Nous essayons de d\u00e9velopper des \u00e9quipes nationales jeunes performantes, pour assurer la succession de nos Red Lions et Red Panthers. Jouer l\u2019Euro dans leur propre pays, devant leurs propres supporters, donnera in\u00e9vitablement un \u2018boost\u2019 \u00e0 nos \u00e9quipes U21. En plus ces championnats d\u2019Europe seront le tout premier \u00e9v\u00e9nement que nous organiserons dans notre stade r\u00e9gional de Wavre flambant neuf. Nous allons tout faire pour nous montrer dignes des attentes cr\u00e9\u00e9es par notre r\u00e9putation d\u2019organisateurs d\u2019\u00e9v\u00e9nements de grande ampleur\u00a0!\u00a0\u00bb <\/em><\/p><p>Ce sera donc un test grandeur nature pour les nouvelles installations braban\u00e7onnes, dont la fin du chantier est pr\u00e9vue au printemps 2022. Nos jeunes talents pourront \u00e9voluer devant une tribune peupl\u00e9e de 4.000 supporters, qui les pousseront \u00e0 performer au plus haut niveau. De plus, cet \u00e9v\u00e9nement se d\u00e9roulera dans une r\u00e9gion o\u00f9 le hockey ne cesse de cro\u00eetre ces derni\u00e8res ann\u00e9es. Bref, il s\u2019agira, \u00e0 nouveau, d\u2019une belle promotion pour notre sport.<\/p><p>Pour voir nos futurs Young Red Lions et Young \u00a0Red Panthers \u00e0 l\u2019\u0153uvre, notez d\u00e9j\u00e0 la p\u00e9riode <strong>du<\/strong> <strong>24 au 30 juillet<\/strong> 2022\u00a0!<\/p>\t\t\t\t\t\t\t\t<\/div>\n\t\t\t\t<\/div>\n\t\t\t\t<div class=\"elementor-element elementor-element-78e80045 elementor-widget-divider--view-line elementor-widget elementor-widget-divider\" data-id=\"78e80045\" data-element_type=\"widget\" data-e-type=\"widget\" data-widget_type=\"divider.default\">\n\t\t\t\t<div class=\"elementor-widget-container\">\n\t\t\t\t\t\t\t<div class=\"elementor-divider\">\n\t\t\t<span class=\"elementor-divider-separator\">\n\t\t\t\t\t\t<\/span>\n\t\t<\/div>\n\t\t\t\t\t\t<\/div>\n\t\t\t\t<\/div>\n\t\t\t\t\t<\/div>\n\t\t<\/div>\n\t\t\t\t<div class=\"elementor-column elementor-col-50 elementor-top-column elementor-element elementor-element-61de8102\" data-id=\"61de8102\" data-element_type=\"column\" data-e-type=\"column\">\n\t\t\t<div class=\"elementor-widget-wrap elementor-element-populated\">\n\t\t\t\t\t\t<div class=\"elementor-element elementor-element-2bd91eec elementor-share-buttons--skin-minimal elementor-share-buttons--shape-circle elementor-share-buttons--view-icon-text elementor-grid-0 elementor-share-buttons--color-official elementor-widget elementor-widget-share-buttons\" data-id=\"2bd91eec\" data-element_type=\"widget\" data-e-type=\"widget\" data-widget_type=\"share-buttons.default\">\n\t\t\t\t<div class=\"elementor-widget-container\">\n\t\t\t\t\t\t\t<div class=\"elementor-grid\" role=\"list\">\n\t\t\t\t\t\t\t\t<div class=\"elementor-grid-item\" role=\"listitem\">\n\t\t\t\t\t\t<div class=\"elementor-share-btn elementor-share-btn_facebook\" role=\"button\" tabindex=\"0\" aria-label=\"Partager sur facebook\">\n\t\t\t\t\t\t\t\t\t\t\t\t\t\t\t<span class=\"elementor-share-btn__icon\">\n\t\t\t\t\t\t\t\t<svg aria-hidden=\"true\" class=\"e-font-icon-svg e-fab-facebook\" viewBox=\"0 0 512 512\" xmlns=\"http:\/\/www.w3.org\/2000\/svg\"><path d=\"M504 256C504 119 393 8 256 8S8 119 8 256c0 123.78 90.69 226.38 209.25 245V327.69h-63V256h63v-54.64c0-62.15 37-96.48 93.67-96.48 27.14 0 55.52 4.84 55.52 4.84v61h-31.28c-30.8 0-40.41 19.12-40.41 38.73V256h68.78l-11 71.69h-57.78V501C413.31 482.38 504 379.78 504 256z\"><\/path><\/svg>\t\t\t\t\t\t\t<\/span>\n\t\t\t\t\t\t\t\t\t\t\t\t\t\t\t\t\t\t\t\t<\/div>\n\t\t\t\t\t<\/div>\n\t\t\t\t\t\t\t\t\t<div class=\"elementor-grid-item\" role=\"listitem\">\n\t\t\t\t\t\t<div class=\"elementor-share-btn elementor-share-btn_twitter\" role=\"button\" tabindex=\"0\" aria-label=\"Partager sur twitter\">\n\t\t\t\t\t\t\t\t\t\t\t\t\t\t\t<span class=\"elementor-share-btn__icon\">\n\t\t\t\t\t\t\t\t<svg aria-hidden=\"true\" class=\"e-font-icon-svg e-fab-twitter\" viewBox=\"0 0 512 512\" xmlns=\"http:\/\/www.w3.org\/2000\/svg\"><path d=\"M459.37 151.716c.325 4.548.325 9.097.325 13.645 0 138.72-105.583 298.558-298.558 298.558-59.452 0-114.68-17.219-161.137-47.106 8.447.974 16.568 1.299 25.34 1.299 49.055 0 94.213-16.568 130.274-44.832-46.132-.975-84.792-31.188-98.112-72.772 6.498.974 12.995 1.624 19.818 1.624 9.421 0 18.843-1.3 27.614-3.573-48.081-9.747-84.143-51.98-84.143-102.985v-1.299c13.969 7.797 30.214 12.67 47.431 13.319-28.264-18.843-46.781-51.005-46.781-87.391 0-19.492 5.197-37.36 14.294-52.954 51.655 63.675 129.3 105.258 216.365 109.807-1.624-7.797-2.599-15.918-2.599-24.04 0-57.828 46.782-104.934 104.934-104.934 30.213 0 57.502 12.67 76.67 33.137 23.715-4.548 46.456-13.32 66.599-25.34-7.798 24.366-24.366 44.833-46.132 57.827 21.117-2.273 41.584-8.122 60.426-16.243-14.292 20.791-32.161 39.308-52.628 54.253z\"><\/path><\/svg>\t\t\t\t\t\t\t<\/span>\n\t\t\t\t\t\t\t\t\t\t\t\t\t\t\t\t\t\t\t\t<\/div>\n\t\t\t\t\t<\/div>\n\t\t\t\t\t\t\t\t\t<div class=\"elementor-grid-item\" role=\"listitem\">\n\t\t\t\t\t\t<div class=\"elementor-share-btn elementor-share-btn_linkedin\" role=\"button\" tabindex=\"0\" aria-label=\"Partager sur linkedin\">\n\t\t\t\t\t\t\t\t\t\t\t\t\t\t\t<span class=\"elementor-share-btn__icon\">\n\t\t\t\t\t\t\t\t<svg aria-hidden=\"true\" class=\"e-font-icon-svg e-fab-linkedin\" viewBox=\"0 0 448 512\" xmlns=\"http:\/\/www.w3.org\/2000\/svg\"><path d=\"M416 32H31.9C14.3 32 0 46.5 0 64.3v383.4C0 465.5 14.3 480 31.9 480H416c17.6 0 32-14.5 32-32.3V64.3c0-17.8-14.4-32.3-32-32.3zM135.4 416H69V202.2h66.5V416zm-33.2-243c-21.3 0-38.5-17.3-38.5-38.5S80.9 96 102.2 96c21.2 0 38.5 17.3 38.5 38.5 0 21.3-17.2 38.5-38.5 38.5zm282.1 243h-66.4V312c0-24.8-.5-56.7-34.5-56.7-34.6 0-39.9 27-39.9 54.9V416h-66.4V202.2h63.7v29.2h.9c8.9-16.8 30.6-34.5 62.9-34.5 67.2 0 79.7 44.3 79.7 101.9V416z\"><\/path><\/svg>\t\t\t\t\t\t\t<\/span>\n\t\t\t\t\t\t\t\t\t\t\t\t\t\t\t\t\t\t\t\t<\/div>\n\t\t\t\t\t<\/div>\n\t\t\t\t\t\t<\/div>\n\t\t\t\t\t\t<\/div>\n\t\t\t\t<\/div>\n\t\t\t\t\t<\/div>\n\t\t<\/div>\n\t\t\t\t\t<\/div>\n\t\t<\/section>\n\t\t\t\t<section class=\"elementor-section elementor-top-section elementor-element elementor-element-7cccee8f elementor-section-full_width elementor-section-height-default elementor-section-height-default\" data-id=\"7cccee8f\" data-element_type=\"section\" data-e-type=\"section\" data-settings=\"{&quot;jet_parallax_layout_list&quot;:[{&quot;_id&quot;:&quot;2ae14bf&quot;,&quot;jet_parallax_layout_image&quot;:{&quot;url&quot;:&quot;&quot;,&quot;id&quot;:&quot;&quot;,&quot;size&quot;:&quot;&quot;},&quot;jet_parallax_layout_image_widescreen&quot;:{&quot;url&quot;:&quot;&quot;,&quot;id&quot;:&quot;&quot;,&quot;size&quot;:&quot;&quot;},&quot;jet_parallax_layout_image_laptop&quot;:{&quot;url&quot;:&quot;&quot;,&quot;id&quot;:&quot;&quot;,&quot;size&quot;:&quot;&quot;},&quot;jet_parallax_layout_image_tablet_extra&quot;:{&quot;url&quot;:&quot;&quot;,&quot;id&quot;:&quot;&quot;,&quot;size&quot;:&quot;&quot;},&quot;jet_parallax_layout_image_tablet&quot;:{&quot;url&quot;:&quot;&quot;,&quot;id&quot;:&quot;&quot;,&quot;size&quot;:&quot;&quot;},&quot;jet_parallax_layout_image_mobile_extra&quot;:{&quot;url&quot;:&quot;&quot;,&quot;id&quot;:&quot;&quot;,&quot;size&quot;:&quot;&quot;},&quot;jet_parallax_layout_image_mobile&quot;:{&quot;url&quot;:&quot;&quot;,&quot;id&quot;:&quot;&quot;,&quot;size&quot;:&quot;&quot;},&quot;jet_parallax_layout_speed&quot;:{&quot;unit&quot;:&quot;%&quot;,&quot;size&quot;:50,&quot;sizes&quot;:[]},&quot;jet_parallax_layout_type&quot;:&quot;scroll&quot;,&quot;jet_parallax_layout_direction&quot;:&quot;1&quot;,&quot;jet_parallax_layout_fx_direction&quot;:null,&quot;jet_parallax_layout_z_index&quot;:&quot;&quot;,&quot;jet_parallax_layout_bg_x&quot;:50,&quot;jet_parallax_layout_bg_x_widescreen&quot;:&quot;&quot;,&quot;jet_parallax_layout_bg_x_laptop&quot;:&quot;&quot;,&quot;jet_parallax_layout_bg_x_tablet_extra&quot;:&quot;&quot;,&quot;jet_parallax_layout_bg_x_tablet&quot;:&quot;&quot;,&quot;jet_parallax_layout_bg_x_mobile_extra&quot;:&quot;&quot;,&quot;jet_parallax_layout_bg_x_mobile&quot;:&quot;&quot;,&quot;jet_parallax_layout_bg_y&quot;:50,&quot;jet_parallax_layout_bg_y_widescreen&quot;:&quot;&quot;,&quot;jet_parallax_layout_bg_y_laptop&quot;:&quot;&quot;,&quot;jet_parallax_layout_bg_y_tablet_extra&quot;:&quot;&quot;,&quot;jet_parallax_layout_bg_y_tablet&quot;:&quot;&quot;,&quot;jet_parallax_layout_bg_y_mobile_extra&quot;:&quot;&quot;,&quot;jet_parallax_layout_bg_y_mobile&quot;:&quot;&quot;,&quot;jet_parallax_layout_bg_size&quot;:&quot;auto&quot;,&quot;jet_parallax_layout_bg_size_widescreen&quot;:&quot;&quot;,&quot;jet_parallax_layout_bg_size_laptop&quot;:&quot;&quot;,&quot;jet_parallax_layout_bg_size_tablet_extra&quot;:&quot;&quot;,&quot;jet_parallax_layout_bg_size_tablet&quot;:&quot;&quot;,&quot;jet_parallax_layout_bg_size_mobile_extra&quot;:&quot;&quot;,&quot;jet_parallax_layout_bg_size_mobile&quot;:&quot;&quot;,&quot;jet_parallax_layout_animation_prop&quot;:&quot;transform&quot;,&quot;jet_parallax_layout_on&quot;:[&quot;desktop&quot;,&quot;tablet&quot;]}]}\">\n\t\t\t\t\t\t<div class=\"elementor-container elementor-column-gap-no\">\n\t\t\t\t\t<div class=\"elementor-column elementor-col-100 elementor-top-column elementor-element elementor-element-5fe2c13\" data-id=\"5fe2c13\" data-element_type=\"column\" data-e-type=\"column\">\n\t\t\t<div class=\"elementor-widget-wrap elementor-element-populated\">\n\t\t\t\t\t\t<div class=\"elementor-element elementor-element-638fe4bb elementor-widget elementor-widget-template\" data-id=\"638fe4bb\" data-element_type=\"widget\" data-e-type=\"widget\" data-widget_type=\"template.default\">\n\t\t\t\t<div class=\"elementor-widget-container\">\n\t\t\t\t\t\t\t<div class=\"elementor-template\">\n\t\t\t\t\t<div data-elementor-type=\"section\" data-elementor-id=\"17870\" class=\"elementor elementor-17870\" data-elementor-post-type=\"elementor_library\">\n\t\t\t<div class=\"elementor-element elementor-element-37659a1 e-flex e-con-boxed e-con e-parent\" data-id=\"37659a1\" data-element_type=\"container\" data-e-type=\"container\" data-settings=\"{&quot;jet_parallax_layout_list&quot;:[],&quot;background_background&quot;:&quot;classic&quot;}\">\n\t\t\t\t\t<div class=\"e-con-inner\">\n\t\t<div class=\"elementor-element elementor-element-27191b4 e-con-full e-flex e-con e-child\" data-id=\"27191b4\" data-element_type=\"container\" data-e-type=\"container\" data-settings=\"{&quot;jet_parallax_layout_list&quot;:[]}\">\n\t\t<div class=\"elementor-element elementor-element-19c04e1 e-con-full e-flex e-con e-child\" data-id=\"19c04e1\" data-element_type=\"container\" data-e-type=\"container\" data-settings=\"{&quot;jet_parallax_layout_list&quot;:[]}\">\n\t\t\t\t<div class=\"elementor-element elementor-element-7cb6dc8 elementor-widget elementor-widget-heading\" data-id=\"7cb6dc8\" data-element_type=\"widget\" data-e-type=\"widget\" data-settings=\"{&quot;_animation&quot;:&quot;none&quot;}\" data-widget_type=\"heading.default\">\n\t\t\t\t<div class=\"elementor-widget-container\">\n\t\t\t\t\t<h2 class=\"elementor-heading-title elementor-size-default\">Les news<\/h2>\t\t\t\t<\/div>\n\t\t\t\t<\/div>\n\t\t\t\t<\/div>\n\t\t<div class=\"elementor-element elementor-element-2d42669 e-con-full e-flex e-con e-child\" data-id=\"2d42669\" data-element_type=\"container\" data-e-type=\"container\" data-settings=\"{&quot;jet_parallax_layout_list&quot;:[]}\">\n\t\t\t\t<div class=\"elementor-element elementor-element-f057774 elementor-view-default elementor-widget elementor-widget-icon\" data-id=\"f057774\" data-element_type=\"widget\" data-e-type=\"widget\" data-widget_type=\"icon.default\">\n\t\t\t\t<div class=\"elementor-widget-container\">\n\t\t\t\t\t\t\t<div class=\"elementor-icon-wrapper\">\n\t\t\t<div class=\"elementor-icon\">\n\t\t\t<svg aria-hidden=\"true\" class=\"e-font-icon-svg e-fas-arrow-right\" viewBox=\"0 0 448 512\" xmlns=\"http:\/\/www.w3.org\/2000\/svg\"><path d=\"M190.5 66.9l22.2-22.2c9.4-9.4 24.6-9.4 33.9 0L441 239c9.4 9.4 9.4 24.6 0 33.9L246.6 467.3c-9.4 9.4-24.6 9.4-33.9 0l-22.2-22.2c-9.5-9.5-9.3-25 .4-34.3L311.4 296H24c-13.3 0-24-10.7-24-24v-32c0-13.3 10.7-24 24-24h287.4L190.9 101.2c-9.8-9.3-10-24.8-.4-34.3z\"><\/path><\/svg>\t\t\t<\/div>\n\t\t<\/div>\n\t\t\t\t\t\t<\/div>\n\t\t\t\t<\/div>\n\t\t\t\t<\/div>\n\t\t\t\t<\/div>\n\t\t<div class=\"elementor-element elementor-element-29cb2be e-con-full e-flex e-con e-child\" data-id=\"29cb2be\" data-element_type=\"container\" data-e-type=\"container\" data-settings=\"{&quot;jet_parallax_layout_list&quot;:[]}\">\n\t\t<div class=\"elementor-element elementor-element-1714ff9 e-con-full e-flex e-con e-child\" data-id=\"1714ff9\" data-element_type=\"container\" data-e-type=\"container\" data-settings=\"{&quot;jet_parallax_layout_list&quot;:[]}\">\n\t\t\t\t<div class=\"elementor-element elementor-element-2624883 elementor-widget elementor-widget-heading\" data-id=\"2624883\" data-element_type=\"widget\" data-e-type=\"widget\" data-widget_type=\"heading.default\">\n\t\t\t\t<div class=\"elementor-widget-container\">\n\t\t\t\t\t<h2 class=\"elementor-heading-title elementor-size-default\">S\u00e9lectionnez votre cat\u00e9gorie<\/h2>\t\t\t\t<\/div>\n\t\t\t\t<\/div>\n\t\t\t\t<\/div>\n\t\t<div class=\"elementor-element elementor-element-e9cafdb e-con-full e-flex e-con e-child\" data-id=\"e9cafdb\" data-element_type=\"container\" data-e-type=\"container\" data-settings=\"{&quot;jet_parallax_layout_list&quot;:[]}\">\n\t\t\t\t<div class=\"elementor-element elementor-element-4ca1cf0 jet-smart-filter-content-position-line jet-smart-filter-group-position-column elementor-widget elementor-widget-jet-smart-filters-select\" data-id=\"4ca1cf0\" data-element_type=\"widget\" data-e-type=\"widget\" data-widget_type=\"jet-smart-filters-select.default\">\n\t\t\t\t<div class=\"elementor-widget-container\">\n\t\t\t\t\t<div class=\"jet-smart-filters-select jet-filter \" data-indexer-rule=\"show\" data-show-counter=\"\" data-change-counter=\"always\"><div class=\"jet-select\" data-query-type=\"tax_query\" data-query-var=\"category\" data-smart-filter=\"select\" data-filter-id=\"17507\" data-apply-type=\"ajax\" data-content-provider=\"epro-posts\" data-additional-providers=\"\" data-query-id=\"default\" data-active-label=\"\" data-layout-options=\"{&quot;show_label&quot;:&quot;&quot;,&quot;display_options&quot;:{&quot;show_items_label&quot;:false,&quot;show_decorator&quot;:false,&quot;filter_image_size&quot;:&quot;full&quot;,&quot;show_counter&quot;:false}}\" data-query-var-suffix=\"\" data-apply-on=\"value\">\n\t\t\t\t<select\n\t\t\tclass=\"jet-select__control\"\n\t\t\tname=\"category\"\n\t\t\t\t\t\taria-label=\"News Select FR\"\n\t\t>\n\t\t\n\t\t\t\t\t<option\n\t\t\t\tvalue=\"\"\n\t\t\t\tdata-label=\"Select...\"\n\t\t\t\tdata-counter-prefix=\"\"\n\t\t\t\tdata-counter-suffix=\"\"\n\t\t\t\t\t\t\t\t\t\t\t>Select...<\/option>\n\t\t\t\t\t\t<option\n\t\t\t\tvalue=\"64\"\n\t\t\t\tdata-label=\"ARBH News\"\n\t\t\t\tdata-counter-prefix=\"\"\n\t\t\t\tdata-counter-suffix=\"\"\n\t\t\t\t\t\t\t\t\t\t\t>ARBH News<\/option>\n\t\t\t\t\t\t<option\n\t\t\t\tvalue=\"220\"\n\t\t\t\tdata-label=\"BeGold News\"\n\t\t\t\tdata-counter-prefix=\"\"\n\t\t\t\tdata-counter-suffix=\"\"\n\t\t\t\t\t\t\t\t\t\t\t>BeGold News<\/option>\n\t\t\t\t\t\t<option\n\t\t\t\tvalue=\"430\"\n\t\t\t\tdata-label=\"Comp\u00e9tition News\"\n\t\t\t\tdata-counter-prefix=\"\"\n\t\t\t\tdata-counter-suffix=\"\"\n\t\t\t\t\t\t\t\t\t\t\t>Comp\u00e9tition News<\/option>\n\t\t\t\t\t\t<option\n\t\t\t\tvalue=\"115\"\n\t\t\t\tdata-label=\"Euro Hockey League News\"\n\t\t\t\tdata-counter-prefix=\"\"\n\t\t\t\tdata-counter-suffix=\"\"\n\t\t\t\t\t\t\t\t\t\t\t>Euro Hockey League News<\/option>\n\t\t\t\t\t\t<option\n\t\t\t\tvalue=\"246\"\n\t\t\t\tdata-label=\"FIH News\"\n\t\t\t\tdata-counter-prefix=\"\"\n\t\t\t\tdata-counter-suffix=\"\"\n\t\t\t\t\t\t\t\t\t\t\t>FIH News<\/option>\n\t\t\t\t\t\t<option\n\t\t\t\tvalue=\"120\"\n\t\t\t\tdata-label=\"Indoor hockey News\"\n\t\t\t\tdata-counter-prefix=\"\"\n\t\t\t\tdata-counter-suffix=\"\"\n\t\t\t\t\t\t\t\t\t\t\t>Indoor hockey News<\/option>\n\t\t\t\t\t\t<option\n\t\t\t\tvalue=\"116\"\n\t\t\t\tdata-label=\"Ligue Francophone de Hockey News\"\n\t\t\t\tdata-counter-prefix=\"\"\n\t\t\t\tdata-counter-suffix=\"\"\n\t\t\t\t\t\t\t\t\t\t\t>Ligue Francophone de Hockey News<\/option>\n\t\t\t\t\t\t<option\n\t\t\t\tvalue=\"205\"\n\t\t\t\tdata-label=\"Nationale ploegen News\"\n\t\t\t\tdata-counter-prefix=\"\"\n\t\t\t\tdata-counter-suffix=\"\"\n\t\t\t\t\t\t\t\t\t\t\t>Nationale ploegen News<\/option>\n\t\t\t\t\t\t<option\n\t\t\t\tvalue=\"124\"\n\t\t\t\tdata-label=\"Opleidingen VHL News\"\n\t\t\t\tdata-counter-prefix=\"\"\n\t\t\t\tdata-counter-suffix=\"\"\n\t\t\t\t\t\t\t\t\t\t\t>Opleidingen VHL News<\/option>\n\t\t\t\t\t\t<option\n\t\t\t\tvalue=\"204\"\n\t\t\t\tdata-label=\"ParaHockey News\"\n\t\t\t\tdata-counter-prefix=\"\"\n\t\t\t\tdata-counter-suffix=\"\"\n\t\t\t\t\t\t\t\t\t\t\t>ParaHockey News<\/option>\n\t\t\t\t\t\t<option\n\t\t\t\tvalue=\"217\"\n\t\t\t\tdata-label=\"Red Lions News\"\n\t\t\t\tdata-counter-prefix=\"\"\n\t\t\t\tdata-counter-suffix=\"\"\n\t\t\t\t\t\t\t\t\t\t\t>Red Lions News<\/option>\n\t\t\t\t\t\t<option\n\t\t\t\tvalue=\"218\"\n\t\t\t\tdata-label=\"Red Panthers News\"\n\t\t\t\tdata-counter-prefix=\"\"\n\t\t\t\tdata-counter-suffix=\"\"\n\t\t\t\t\t\t\t\t\t\t\t>Red Panthers News<\/option>\n\t\t\t\t\t\t<option\n\t\t\t\tvalue=\"117\"\n\t\t\t\tdata-label=\"Vlaamse Hockey Liga News\"\n\t\t\t\tdata-counter-prefix=\"\"\n\t\t\t\tdata-counter-suffix=\"\"\n\t\t\t\t\t\t\t\t\t\t\t>Vlaamse Hockey Liga News<\/option>\n\t\t\t<\/select>\n\t<\/div>\n<\/div>\t\t\t\t<\/div>\n\t\t\t\t<\/div>\n\t\t\t\t<\/div>\n\t\t\t\t<\/div>\n\t\t\t\t<div class=\"elementor-element elementor-element-8002d24 elementor-grid-3 elementor-grid-tablet-2 elementor-grid-mobile-1 elementor-posts--thumbnail-top elementor-posts__hover-gradient elementor-widget elementor-widget-posts\" data-id=\"8002d24\" data-element_type=\"widget\" data-e-type=\"widget\" data-settings=\"{&quot;cards_row_gap&quot;:{&quot;unit&quot;:&quot;px&quot;,&quot;size&quot;:30,&quot;sizes&quot;:[]},&quot;_animation&quot;:&quot;none&quot;,&quot;pagination_type&quot;:&quot;numbers&quot;,&quot;cards_columns&quot;:&quot;3&quot;,&quot;cards_columns_tablet&quot;:&quot;2&quot;,&quot;cards_columns_mobile&quot;:&quot;1&quot;,&quot;cards_row_gap_widescreen&quot;:{&quot;unit&quot;:&quot;px&quot;,&quot;size&quot;:&quot;&quot;,&quot;sizes&quot;:[]},&quot;cards_row_gap_laptop&quot;:{&quot;unit&quot;:&quot;px&quot;,&quot;size&quot;:&quot;&quot;,&quot;sizes&quot;:[]},&quot;cards_row_gap_tablet_extra&quot;:{&quot;unit&quot;:&quot;px&quot;,&quot;size&quot;:&quot;&quot;,&quot;sizes&quot;:[]},&quot;cards_row_gap_tablet&quot;:{&quot;unit&quot;:&quot;px&quot;,&quot;size&quot;:&quot;&quot;,&quot;sizes&quot;:[]},&quot;cards_row_gap_mobile_extra&quot;:{&quot;unit&quot;:&quot;px&quot;,&quot;size&quot;:&quot;&quot;,&quot;sizes&quot;:[]},&quot;cards_row_gap_mobile&quot;:{&quot;unit&quot;:&quot;px&quot;,&quot;size&quot;:&quot;&quot;,&quot;sizes&quot;:[]}}\" data-widget_type=\"posts.cards\">\n\t\t\t\t<div class=\"elementor-widget-container\">\n\t\t\t\t\t\t\t<div class=\"elementor-posts-container elementor-posts elementor-posts--skin-cards elementor-grid\" role=\"list\">\n\t\t\t\t<article class=\"elementor-post elementor-grid-item post-92187 post type-post status-publish format-standard has-post-thumbnail hentry category-job-post-news category-ligue-francophone-de-hockey\" role=\"listitem\">\n\t\t\t<div class=\"elementor-post__card\">\n\t\t\t\t<a class=\"elementor-post__thumbnail__link\" href=\"https:\/\/hockey.be\/fr\/hockey-belgium-recherche-un-e-specialiste-en-communication\/\" tabindex=\"-1\" ><div class=\"elementor-post__thumbnail\"><img fetchpriority=\"high\" decoding=\"async\" width=\"800\" height=\"222\" src=\"https:\/\/hockey.be\/wp-content\/uploads\/2026\/04\/Header-Site-web-10-1200x333.png\" class=\"attachment-large size-large wp-image-92188\" alt=\"\" srcset=\"https:\/\/hockey.be\/wp-content\/uploads\/2026\/04\/Header-Site-web-10-1200x333.png 1200w, https:\/\/hockey.be\/wp-content\/uploads\/2026\/04\/Header-Site-web-10-300x83.png 300w, https:\/\/hockey.be\/wp-content\/uploads\/2026\/04\/Header-Site-web-10-768x213.png 768w, https:\/\/hockey.be\/wp-content\/uploads\/2026\/04\/Header-Site-web-10-1536x426.png 1536w, https:\/\/hockey.be\/wp-content\/uploads\/2026\/04\/Header-Site-web-10-2048x567.png 2048w\" sizes=\"(max-width: 800px) 100vw, 800px\" \/><\/div><\/a>\n\t\t\t\t<div class=\"elementor-post__badge\">Job News<\/div>\n\t\t\t\t<div class=\"elementor-post__text\">\n\t\t\t\t<h3 class=\"elementor-post__title\">\n\t\t\t<a href=\"https:\/\/hockey.be\/fr\/hockey-belgium-recherche-un-e-specialiste-en-communication\/\" >\n\t\t\t\tHockey Belgium recherche un.e sp\u00e9cialiste en communication\t\t\t<\/a>\n\t\t<\/h3>\n\t\t\t\t\t<div class=\"elementor-post__read-more-wrapper\">\n\t\t\n\t\t<a class=\"elementor-post__read-more\" href=\"https:\/\/hockey.be\/fr\/hockey-belgium-recherche-un-e-specialiste-en-communication\/\" aria-label=\"En savoir plus sur Hockey Belgium recherche un.e sp\u00e9cialiste en communication\" tabindex=\"-1\" >\n\t\t\tEN SAVAOIR PLUS \u00bb\t\t<\/a>\n\n\t\t\t\t\t<\/div>\n\t\t\t\t<\/div>\n\t\t\t\t<div class=\"elementor-post__meta-data\">\n\t\t\t\t\t<span class=\"elementor-post-date\">\n\t\t\t04\/16\/2026\t\t<\/span>\n\t\t\t\t<\/div>\n\t\t\t\t\t<\/div>\n\t\t<\/article>\n\t\t\t\t<article class=\"elementor-post elementor-grid-item post-92123 post type-post status-publish format-standard has-post-thumbnail hentry category-coupe-de-belgique-news\" role=\"listitem\">\n\t\t\t<div class=\"elementor-post__card\">\n\t\t\t\t<a class=\"elementor-post__thumbnail__link\" href=\"https:\/\/hockey.be\/fr\/dr-oetker-hockey-cup-place-aux-finales-le-dimanche-3-mai-a-la-gantoise\/\" tabindex=\"-1\" ><div class=\"elementor-post__thumbnail\"><img decoding=\"async\" width=\"800\" height=\"222\" src=\"https:\/\/hockey.be\/wp-content\/uploads\/2026\/04\/Header-Site-web-8-1200x333.png\" class=\"attachment-large size-large wp-image-92124\" alt=\"\" srcset=\"https:\/\/hockey.be\/wp-content\/uploads\/2026\/04\/Header-Site-web-8-1200x333.png 1200w, https:\/\/hockey.be\/wp-content\/uploads\/2026\/04\/Header-Site-web-8-300x83.png 300w, https:\/\/hockey.be\/wp-content\/uploads\/2026\/04\/Header-Site-web-8-768x213.png 768w, https:\/\/hockey.be\/wp-content\/uploads\/2026\/04\/Header-Site-web-8-1536x426.png 1536w, https:\/\/hockey.be\/wp-content\/uploads\/2026\/04\/Header-Site-web-8-2048x567.png 2048w\" sizes=\"(max-width: 800px) 100vw, 800px\" \/><\/div><\/a>\n\t\t\t\t<div class=\"elementor-post__badge\">Coupe de Belgique News<\/div>\n\t\t\t\t<div class=\"elementor-post__text\">\n\t\t\t\t<h3 class=\"elementor-post__title\">\n\t\t\t<a href=\"https:\/\/hockey.be\/fr\/dr-oetker-hockey-cup-place-aux-finales-le-dimanche-3-mai-a-la-gantoise\/\" >\n\t\t\t\tDr. Oetker Hockey Cup : place aux finales\u00a0le dimanche 3 mai\u00a0\u00e0 la Gantoise\t\t\t<\/a>\n\t\t<\/h3>\n\t\t\t\t\t<div class=\"elementor-post__read-more-wrapper\">\n\t\t\n\t\t<a class=\"elementor-post__read-more\" href=\"https:\/\/hockey.be\/fr\/dr-oetker-hockey-cup-place-aux-finales-le-dimanche-3-mai-a-la-gantoise\/\" aria-label=\"En savoir plus sur Dr. Oetker Hockey Cup : place aux finales\u00a0le dimanche 3 mai\u00a0\u00e0 la Gantoise\" tabindex=\"-1\" >\n\t\t\tEN SAVAOIR PLUS \u00bb\t\t<\/a>\n\n\t\t\t\t\t<\/div>\n\t\t\t\t<\/div>\n\t\t\t\t<div class=\"elementor-post__meta-data\">\n\t\t\t\t\t<span class=\"elementor-post-date\">\n\t\t\t04\/15\/2026\t\t<\/span>\n\t\t\t\t<\/div>\n\t\t\t\t\t<\/div>\n\t\t<\/article>\n\t\t\t\t<article class=\"elementor-post elementor-grid-item post-92111 post type-post status-publish format-standard has-post-thumbnail hentry category-club-news category-ligue-francophone-de-hockey category-petites-annonces-news\" role=\"listitem\">\n\t\t\t<div class=\"elementor-post__card\">\n\t\t\t\t<a class=\"elementor-post__thumbnail__link\" href=\"https:\/\/hockey.be\/fr\/parch-hc-offre-demploi-secretaire-administratifve\/\" tabindex=\"-1\" ><div class=\"elementor-post__thumbnail\"><img decoding=\"async\" width=\"800\" height=\"167\" src=\"https:\/\/hockey.be\/wp-content\/uploads\/2023\/11\/Header-Site-web-8-1200x250.png\" class=\"attachment-large size-large wp-image-72666\" alt=\"\" srcset=\"https:\/\/hockey.be\/wp-content\/uploads\/2023\/11\/Header-Site-web-8-1200x250.png 1200w, https:\/\/hockey.be\/wp-content\/uploads\/2023\/11\/Header-Site-web-8-300x63.png 300w, https:\/\/hockey.be\/wp-content\/uploads\/2023\/11\/Header-Site-web-8-768x160.png 768w, https:\/\/hockey.be\/wp-content\/uploads\/2023\/11\/Header-Site-web-8-1536x320.png 1536w, https:\/\/hockey.be\/wp-content\/uploads\/2023\/11\/Header-Site-web-8.png 1920w\" sizes=\"(max-width: 800px) 100vw, 800px\" \/><\/div><\/a>\n\t\t\t\t<div class=\"elementor-post__badge\">Club News (fr)<\/div>\n\t\t\t\t<div class=\"elementor-post__text\">\n\t\t\t\t<h3 class=\"elementor-post__title\">\n\t\t\t<a href=\"https:\/\/hockey.be\/fr\/parch-hc-offre-demploi-secretaire-administratifve\/\" >\n\t\t\t\tParch HC &#8211; offre d\u2019emploi \u2013 Secr\u00e9taire administratif(ve)\t\t\t<\/a>\n\t\t<\/h3>\n\t\t\t\t\t<div class=\"elementor-post__read-more-wrapper\">\n\t\t\n\t\t<a class=\"elementor-post__read-more\" href=\"https:\/\/hockey.be\/fr\/parch-hc-offre-demploi-secretaire-administratifve\/\" aria-label=\"En savoir plus sur Parch HC &#8211; offre d\u2019emploi \u2013 Secr\u00e9taire administratif(ve)\" tabindex=\"-1\" >\n\t\t\tEN SAVAOIR PLUS \u00bb\t\t<\/a>\n\n\t\t\t\t\t<\/div>\n\t\t\t\t<\/div>\n\t\t\t\t<div class=\"elementor-post__meta-data\">\n\t\t\t\t\t<span class=\"elementor-post-date\">\n\t\t\t04\/14\/2026\t\t<\/span>\n\t\t\t\t<\/div>\n\t\t\t\t\t<\/div>\n\t\t<\/article>\n\t\t\t\t<\/div>\n\t\t\n\t\t\t\t<div class=\"e-load-more-anchor\" data-page=\"1\" data-max-page=\"495\" data-next-page=\"https:\/\/hockey.be\/fr\/wp-json\/wp\/v2\/posts\/34843\/page\/2\/\"><\/div>\n\t\t\t\t<nav class=\"elementor-pagination\" aria-label=\"Pagination\">\n\t\t\t<span aria-current=\"page\" class=\"page-numbers current\"><span class=\"elementor-screen-only\">Page<\/span>1<\/span>\n<a class=\"page-numbers\" href=\"https:\/\/hockey.be\/fr\/wp-json\/wp\/v2\/posts\/34843\/page\/2\/\"><span class=\"elementor-screen-only\">Page<\/span>2<\/a>\n<a class=\"page-numbers\" href=\"https:\/\/hockey.be\/fr\/wp-json\/wp\/v2\/posts\/34843\/page\/3\/\"><span class=\"elementor-screen-only\">Page<\/span>3<\/a>\n<span class=\"page-numbers dots\">\u2026<\/span>\n<a class=\"page-numbers\" href=\"https:\/\/hockey.be\/fr\/wp-json\/wp\/v2\/posts\/34843\/page\/5\/\"><span class=\"elementor-screen-only\">Page<\/span>5<\/a>\t\t<\/nav>\n\t\t\t\t\t\t<\/div>\n\t\t\t\t<\/div>\n\t\t\t\t<div class=\"elementor-element elementor-element-40ab011 elementor-align-center elementor-widget elementor-widget-button\" data-id=\"40ab011\" data-element_type=\"widget\" data-e-type=\"widget\" data-widget_type=\"button.default\">\n\t\t\t\t<div class=\"elementor-widget-container\">\n\t\t\t\t\t\t\t\t\t<div class=\"elementor-button-wrapper\">\n\t\t\t\t\t<a class=\"elementor-button elementor-button-link elementor-size-lg\" href=\"https:\/\/hockey.be\/fr\/archive-des-news\/\">\n\t\t\t\t\t\t<span class=\"elementor-button-content-wrapper\">\n\t\t\t\t\t\t<span class=\"elementor-button-icon\">\n\t\t\t\t<svg aria-hidden=\"true\" class=\"e-font-icon-svg e-fas-arrow-right\" viewBox=\"0 0 448 512\" xmlns=\"http:\/\/www.w3.org\/2000\/svg\"><path d=\"M190.5 66.9l22.2-22.2c9.4-9.4 24.6-9.4 33.9 0L441 239c9.4 9.4 9.4 24.6 0 33.9L246.6 467.3c-9.4 9.4-24.6 9.4-33.9 0l-22.2-22.2c-9.5-9.5-9.3-25 .4-34.3L311.4 296H24c-13.3 0-24-10.7-24-24v-32c0-13.3 10.7-24 24-24h287.4L190.9 101.2c-9.8-9.3-10-24.8-.4-34.3z\"><\/path><\/svg>\t\t\t<\/span>\n\t\t\t\t\t\t\t\t\t<span class=\"elementor-button-text\">Plus de news<\/span>\n\t\t\t\t\t<\/span>\n\t\t\t\t\t<\/a>\n\t\t\t\t<\/div>\n\t\t\t\t\t\t\t\t<\/div>\n\t\t\t\t<\/div>\n\t\t\t\t\t<\/div>\n\t\t\t\t<\/div>\n\t\t\t\t<\/div>\n\t\t\t\t<\/div>\n\t\t\t\t\t\t<\/div>\n\t\t\t\t<\/div>\n\t\t\t\t\t<\/div>\n\t\t<\/div>\n\t\t\t\t\t<\/div>\n\t\t<\/section>\n\t\t\t\t<\/div>\n\t\t","protected":false},"excerpt":{"rendered":"<p>C\u2019est en Belgique, \u00e0 Wavre plus pr\u00e9cis\u00e9ment, que se d\u00e9rouleront les prochains European Junior Championships 2022. La F\u00e9d\u00e9ration de Hockey Europ\u00e9enne (EHF) a annonc\u00e9 ce midi avoir jet\u00e9 son<\/p>\n","protected":false},"author":16,"featured_media":34844,"comment_status":"closed","ping_status":"closed","sticky":false,"template":"","format":"standard","meta":{"_acf_changed":false,"footnotes":""},"categories":[115,246,205],"tags":[],"class_list":["post-34843","post","type-post","status-publish","format-standard","has-post-thumbnail","hentry","category-euro-hockey-league","category-fih","category-nationale-ploegen-fr"],"acf":[],"yoast_head":"<!-- This site is optimized with the Yoast SEO plugin v27.4 - https:\/\/yoast.com\/product\/yoast-seo-wordpress\/ -->\n<title>Les Championnats d\u2019Europe Junior \u00e0 Wavre en 2022 ! - Hockey Belgium<\/title>\n<meta name=\"description\" content=\"C\u2019est en Belgique, \u00e0 Wavre plus pr\u00e9cis\u00e9ment, que se d\u00e9rouleront les prochains European Junior Championships 2022. La F\u00e9d\u00e9ration (lire plus)\" \/>\n<meta name=\"robots\" content=\"index, follow, max-snippet:-1, max-image-preview:large, max-video-preview:-1\" \/>\n<link rel=\"canonical\" href=\"https:\/\/hockey.be\/fr\/les-championnats-deurope-junior-a-wavre-en-2022\/\" \/>\n<meta property=\"og:locale\" content=\"fr_FR\" \/>\n<meta property=\"og:type\" content=\"article\" \/>\n<meta property=\"og:title\" content=\"Les Championnats d\u2019Europe Junior \u00e0 Wavre en 2022 ! - Hockey Belgium\" \/>\n<meta property=\"og:description\" content=\"C\u2019est en Belgique, \u00e0 Wavre plus pr\u00e9cis\u00e9ment, que se d\u00e9rouleront les prochains European Junior Championships 2022. La F\u00e9d\u00e9ration (lire plus)\" \/>\n<meta property=\"og:url\" content=\"https:\/\/hockey.be\/fr\/les-championnats-deurope-junior-a-wavre-en-2022\/\" \/>\n<meta property=\"og:site_name\" content=\"Hockey Belgium\" \/>\n<meta property=\"article:published_time\" content=\"2021-03-24T11:01:00+00:00\" \/>\n<meta property=\"og:image\" content=\"https:\/\/hockey.be\/wp-content\/uploads\/2021\/03\/Header-Site-web10.png\" \/>\n\t<meta property=\"og:image:width\" content=\"1920\" \/>\n\t<meta property=\"og:image:height\" content=\"400\" \/>\n\t<meta property=\"og:image:type\" content=\"image\/png\" \/>\n<meta name=\"author\" content=\"Quentin Mathieu\" \/>\n<meta name=\"twitter:card\" content=\"summary_large_image\" \/>\n<meta name=\"twitter:label1\" content=\"\u00c9crit par\" \/>\n\t<meta name=\"twitter:data1\" content=\"Quentin Mathieu\" \/>\n\t<meta name=\"twitter:label2\" content=\"Dur\u00e9e de lecture estim\u00e9e\" \/>\n\t<meta name=\"twitter:data2\" content=\"6 minutes\" \/>\n<script type=\"application\/ld+json\" class=\"yoast-schema-graph\">{\"@context\":\"https:\\\/\\\/schema.org\",\"@graph\":[{\"@type\":\"Article\",\"@id\":\"https:\\\/\\\/hockey.be\\\/fr\\\/les-championnats-deurope-junior-a-wavre-en-2022\\\/#article\",\"isPartOf\":{\"@id\":\"https:\\\/\\\/hockey.be\\\/fr\\\/les-championnats-deurope-junior-a-wavre-en-2022\\\/\"},\"author\":{\"name\":\"Quentin Mathieu\",\"@id\":\"https:\\\/\\\/hockey.be\\\/nl\\\/#\\\/schema\\\/person\\\/bf4c46f0eac23341223cc27a33a08d84\"},\"headline\":\"Les Championnats d\u2019Europe Junior \u00e0 Wavre en 2022 !\",\"datePublished\":\"2021-03-24T11:01:00+00:00\",\"mainEntityOfPage\":{\"@id\":\"https:\\\/\\\/hockey.be\\\/fr\\\/les-championnats-deurope-junior-a-wavre-en-2022\\\/\"},\"wordCount\":343,\"publisher\":{\"@id\":\"https:\\\/\\\/hockey.be\\\/nl\\\/#organization\"},\"image\":{\"@id\":\"https:\\\/\\\/hockey.be\\\/fr\\\/les-championnats-deurope-junior-a-wavre-en-2022\\\/#primaryimage\"},\"thumbnailUrl\":\"https:\\\/\\\/hockey.be\\\/wp-content\\\/uploads\\\/2021\\\/03\\\/Header-Site-web10.png\",\"articleSection\":[\"Euro Hockey League News\",\"FIH News\",\"Nationale ploegen News\"],\"inLanguage\":\"fr-FR\"},{\"@type\":\"WebPage\",\"@id\":\"https:\\\/\\\/hockey.be\\\/fr\\\/les-championnats-deurope-junior-a-wavre-en-2022\\\/\",\"url\":\"https:\\\/\\\/hockey.be\\\/fr\\\/les-championnats-deurope-junior-a-wavre-en-2022\\\/\",\"name\":\"Les Championnats d\u2019Europe Junior \u00e0 Wavre en 2022 ! - Hockey Belgium\",\"isPartOf\":{\"@id\":\"https:\\\/\\\/hockey.be\\\/nl\\\/#website\"},\"primaryImageOfPage\":{\"@id\":\"https:\\\/\\\/hockey.be\\\/fr\\\/les-championnats-deurope-junior-a-wavre-en-2022\\\/#primaryimage\"},\"image\":{\"@id\":\"https:\\\/\\\/hockey.be\\\/fr\\\/les-championnats-deurope-junior-a-wavre-en-2022\\\/#primaryimage\"},\"thumbnailUrl\":\"https:\\\/\\\/hockey.be\\\/wp-content\\\/uploads\\\/2021\\\/03\\\/Header-Site-web10.png\",\"datePublished\":\"2021-03-24T11:01:00+00:00\",\"description\":\"C\u2019est en Belgique, \u00e0 Wavre plus pr\u00e9cis\u00e9ment, que se d\u00e9rouleront les prochains European Junior Championships 2022. La F\u00e9d\u00e9ration (lire plus)\",\"breadcrumb\":{\"@id\":\"https:\\\/\\\/hockey.be\\\/fr\\\/les-championnats-deurope-junior-a-wavre-en-2022\\\/#breadcrumb\"},\"inLanguage\":\"fr-FR\",\"potentialAction\":[{\"@type\":\"ReadAction\",\"target\":[\"https:\\\/\\\/hockey.be\\\/fr\\\/les-championnats-deurope-junior-a-wavre-en-2022\\\/\"]}]},{\"@type\":\"ImageObject\",\"inLanguage\":\"fr-FR\",\"@id\":\"https:\\\/\\\/hockey.be\\\/fr\\\/les-championnats-deurope-junior-a-wavre-en-2022\\\/#primaryimage\",\"url\":\"https:\\\/\\\/hockey.be\\\/wp-content\\\/uploads\\\/2021\\\/03\\\/Header-Site-web10.png\",\"contentUrl\":\"https:\\\/\\\/hockey.be\\\/wp-content\\\/uploads\\\/2021\\\/03\\\/Header-Site-web10.png\",\"width\":1920,\"height\":400},{\"@type\":\"BreadcrumbList\",\"@id\":\"https:\\\/\\\/hockey.be\\\/fr\\\/les-championnats-deurope-junior-a-wavre-en-2022\\\/#breadcrumb\",\"itemListElement\":[{\"@type\":\"ListItem\",\"position\":1,\"name\":\"Home\",\"item\":\"https:\\\/\\\/hockey.be\\\/fr\\\/\"},{\"@type\":\"ListItem\",\"position\":2,\"name\":\"Les Championnats d\u2019Europe Junior \u00e0 Wavre en 2022 !\"}]},{\"@type\":\"WebSite\",\"@id\":\"https:\\\/\\\/hockey.be\\\/nl\\\/#website\",\"url\":\"https:\\\/\\\/hockey.be\\\/nl\\\/\",\"name\":\"Hockey Belgium\",\"description\":\"En nog een WordPress website\",\"publisher\":{\"@id\":\"https:\\\/\\\/hockey.be\\\/nl\\\/#organization\"},\"potentialAction\":[{\"@type\":\"SearchAction\",\"target\":{\"@type\":\"EntryPoint\",\"urlTemplate\":\"https:\\\/\\\/hockey.be\\\/nl\\\/?s={search_term_string}\"},\"query-input\":{\"@type\":\"PropertyValueSpecification\",\"valueRequired\":true,\"valueName\":\"search_term_string\"}}],\"inLanguage\":\"fr-FR\"},{\"@type\":\"Organization\",\"@id\":\"https:\\\/\\\/hockey.be\\\/nl\\\/#organization\",\"name\":\"Hockey Belgium\",\"url\":\"https:\\\/\\\/hockey.be\\\/nl\\\/\",\"logo\":{\"@type\":\"ImageObject\",\"inLanguage\":\"fr-FR\",\"@id\":\"https:\\\/\\\/hockey.be\\\/nl\\\/#\\\/schema\\\/logo\\\/image\\\/\",\"url\":\"https:\\\/\\\/hockey.be\\\/wp-content\\\/uploads\\\/2025\\\/07\\\/logo-hockey-be.svg\",\"contentUrl\":\"https:\\\/\\\/hockey.be\\\/wp-content\\\/uploads\\\/2025\\\/07\\\/logo-hockey-be.svg\",\"width\":724.16,\"height\":241.49,\"caption\":\"Hockey Belgium\"},\"image\":{\"@id\":\"https:\\\/\\\/hockey.be\\\/nl\\\/#\\\/schema\\\/logo\\\/image\\\/\"}},{\"@type\":\"Person\",\"@id\":\"https:\\\/\\\/hockey.be\\\/nl\\\/#\\\/schema\\\/person\\\/bf4c46f0eac23341223cc27a33a08d84\",\"name\":\"Quentin Mathieu\",\"image\":{\"@type\":\"ImageObject\",\"inLanguage\":\"fr-FR\",\"@id\":\"https:\\\/\\\/secure.gravatar.com\\\/avatar\\\/a50ef638dcd8708c3c133d3073338bd1b777444330821fe506379670c2e1a492?s=96&d=mm&r=g\",\"url\":\"https:\\\/\\\/secure.gravatar.com\\\/avatar\\\/a50ef638dcd8708c3c133d3073338bd1b777444330821fe506379670c2e1a492?s=96&d=mm&r=g\",\"contentUrl\":\"https:\\\/\\\/secure.gravatar.com\\\/avatar\\\/a50ef638dcd8708c3c133d3073338bd1b777444330821fe506379670c2e1a492?s=96&d=mm&r=g\",\"caption\":\"Quentin Mathieu\"},\"url\":\"https:\\\/\\\/hockey.be\\\/fr\\\/author\\\/quentin-mathieuhockey-be\\\/\"}]}<\/script>\n<!-- \/ Yoast SEO plugin. -->","yoast_head_json":{"title":"Les Championnats d\u2019Europe Junior \u00e0 Wavre en 2022 ! - Hockey Belgium","description":"C\u2019est en Belgique, \u00e0 Wavre plus pr\u00e9cis\u00e9ment, que se d\u00e9rouleront les prochains European Junior Championships 2022. La F\u00e9d\u00e9ration (lire plus)","robots":{"index":"index","follow":"follow","max-snippet":"max-snippet:-1","max-image-preview":"max-image-preview:large","max-video-preview":"max-video-preview:-1"},"canonical":"https:\/\/hockey.be\/fr\/les-championnats-deurope-junior-a-wavre-en-2022\/","og_locale":"fr_FR","og_type":"article","og_title":"Les Championnats d\u2019Europe Junior \u00e0 Wavre en 2022 ! - Hockey Belgium","og_description":"C\u2019est en Belgique, \u00e0 Wavre plus pr\u00e9cis\u00e9ment, que se d\u00e9rouleront les prochains European Junior Championships 2022. La F\u00e9d\u00e9ration (lire plus)","og_url":"https:\/\/hockey.be\/fr\/les-championnats-deurope-junior-a-wavre-en-2022\/","og_site_name":"Hockey Belgium","article_published_time":"2021-03-24T11:01:00+00:00","og_image":[{"width":1920,"height":400,"url":"https:\/\/hockey.be\/wp-content\/uploads\/2021\/03\/Header-Site-web10.png","type":"image\/png"}],"author":"Quentin Mathieu","twitter_card":"summary_large_image","twitter_misc":{"\u00c9crit par":"Quentin Mathieu","Dur\u00e9e de lecture estim\u00e9e":"6 minutes"},"schema":{"@context":"https:\/\/schema.org","@graph":[{"@type":"Article","@id":"https:\/\/hockey.be\/fr\/les-championnats-deurope-junior-a-wavre-en-2022\/#article","isPartOf":{"@id":"https:\/\/hockey.be\/fr\/les-championnats-deurope-junior-a-wavre-en-2022\/"},"author":{"name":"Quentin Mathieu","@id":"https:\/\/hockey.be\/nl\/#\/schema\/person\/bf4c46f0eac23341223cc27a33a08d84"},"headline":"Les Championnats d\u2019Europe Junior \u00e0 Wavre en 2022 !","datePublished":"2021-03-24T11:01:00+00:00","mainEntityOfPage":{"@id":"https:\/\/hockey.be\/fr\/les-championnats-deurope-junior-a-wavre-en-2022\/"},"wordCount":343,"publisher":{"@id":"https:\/\/hockey.be\/nl\/#organization"},"image":{"@id":"https:\/\/hockey.be\/fr\/les-championnats-deurope-junior-a-wavre-en-2022\/#primaryimage"},"thumbnailUrl":"https:\/\/hockey.be\/wp-content\/uploads\/2021\/03\/Header-Site-web10.png","articleSection":["Euro Hockey League News","FIH News","Nationale ploegen News"],"inLanguage":"fr-FR"},{"@type":"WebPage","@id":"https:\/\/hockey.be\/fr\/les-championnats-deurope-junior-a-wavre-en-2022\/","url":"https:\/\/hockey.be\/fr\/les-championnats-deurope-junior-a-wavre-en-2022\/","name":"Les Championnats d\u2019Europe Junior \u00e0 Wavre en 2022 ! - Hockey Belgium","isPartOf":{"@id":"https:\/\/hockey.be\/nl\/#website"},"primaryImageOfPage":{"@id":"https:\/\/hockey.be\/fr\/les-championnats-deurope-junior-a-wavre-en-2022\/#primaryimage"},"image":{"@id":"https:\/\/hockey.be\/fr\/les-championnats-deurope-junior-a-wavre-en-2022\/#primaryimage"},"thumbnailUrl":"https:\/\/hockey.be\/wp-content\/uploads\/2021\/03\/Header-Site-web10.png","datePublished":"2021-03-24T11:01:00+00:00","description":"C\u2019est en Belgique, \u00e0 Wavre plus pr\u00e9cis\u00e9ment, que se d\u00e9rouleront les prochains European Junior Championships 2022. La F\u00e9d\u00e9ration (lire plus)","breadcrumb":{"@id":"https:\/\/hockey.be\/fr\/les-championnats-deurope-junior-a-wavre-en-2022\/#breadcrumb"},"inLanguage":"fr-FR","potentialAction":[{"@type":"ReadAction","target":["https:\/\/hockey.be\/fr\/les-championnats-deurope-junior-a-wavre-en-2022\/"]}]},{"@type":"ImageObject","inLanguage":"fr-FR","@id":"https:\/\/hockey.be\/fr\/les-championnats-deurope-junior-a-wavre-en-2022\/#primaryimage","url":"https:\/\/hockey.be\/wp-content\/uploads\/2021\/03\/Header-Site-web10.png","contentUrl":"https:\/\/hockey.be\/wp-content\/uploads\/2021\/03\/Header-Site-web10.png","width":1920,"height":400},{"@type":"BreadcrumbList","@id":"https:\/\/hockey.be\/fr\/les-championnats-deurope-junior-a-wavre-en-2022\/#breadcrumb","itemListElement":[{"@type":"ListItem","position":1,"name":"Home","item":"https:\/\/hockey.be\/fr\/"},{"@type":"ListItem","position":2,"name":"Les Championnats d\u2019Europe Junior \u00e0 Wavre en 2022 !"}]},{"@type":"WebSite","@id":"https:\/\/hockey.be\/nl\/#website","url":"https:\/\/hockey.be\/nl\/","name":"Hockey Belgium","description":"En nog een WordPress website","publisher":{"@id":"https:\/\/hockey.be\/nl\/#organization"},"potentialAction":[{"@type":"SearchAction","target":{"@type":"EntryPoint","urlTemplate":"https:\/\/hockey.be\/nl\/?s={search_term_string}"},"query-input":{"@type":"PropertyValueSpecification","valueRequired":true,"valueName":"search_term_string"}}],"inLanguage":"fr-FR"},{"@type":"Organization","@id":"https:\/\/hockey.be\/nl\/#organization","name":"Hockey Belgium","url":"https:\/\/hockey.be\/nl\/","logo":{"@type":"ImageObject","inLanguage":"fr-FR","@id":"https:\/\/hockey.be\/nl\/#\/schema\/logo\/image\/","url":"https:\/\/hockey.be\/wp-content\/uploads\/2025\/07\/logo-hockey-be.svg","contentUrl":"https:\/\/hockey.be\/wp-content\/uploads\/2025\/07\/logo-hockey-be.svg","width":724.16,"height":241.49,"caption":"Hockey Belgium"},"image":{"@id":"https:\/\/hockey.be\/nl\/#\/schema\/logo\/image\/"}},{"@type":"Person","@id":"https:\/\/hockey.be\/nl\/#\/schema\/person\/bf4c46f0eac23341223cc27a33a08d84","name":"Quentin Mathieu","image":{"@type":"ImageObject","inLanguage":"fr-FR","@id":"https:\/\/secure.gravatar.com\/avatar\/a50ef638dcd8708c3c133d3073338bd1b777444330821fe506379670c2e1a492?s=96&d=mm&r=g","url":"https:\/\/secure.gravatar.com\/avatar\/a50ef638dcd8708c3c133d3073338bd1b777444330821fe506379670c2e1a492?s=96&d=mm&r=g","contentUrl":"https:\/\/secure.gravatar.com\/avatar\/a50ef638dcd8708c3c133d3073338bd1b777444330821fe506379670c2e1a492?s=96&d=mm&r=g","caption":"Quentin Mathieu"},"url":"https:\/\/hockey.be\/fr\/author\/quentin-mathieuhockey-be\/"}]}},"_links":{"self":[{"href":"https:\/\/hockey.be\/fr\/wp-json\/wp\/v2\/posts\/34843","targetHints":{"allow":["GET"]}}],"collection":[{"href":"https:\/\/hockey.be\/fr\/wp-json\/wp\/v2\/posts"}],"about":[{"href":"https:\/\/hockey.be\/fr\/wp-json\/wp\/v2\/types\/post"}],"author":[{"embeddable":true,"href":"https:\/\/hockey.be\/fr\/wp-json\/wp\/v2\/users\/16"}],"replies":[{"embeddable":true,"href":"https:\/\/hockey.be\/fr\/wp-json\/wp\/v2\/comments?post=34843"}],"version-history":[{"count":0,"href":"https:\/\/hockey.be\/fr\/wp-json\/wp\/v2\/posts\/34843\/revisions"}],"wp:featuredmedia":[{"embeddable":true,"href":"https:\/\/hockey.be\/fr\/wp-json\/wp\/v2\/media\/34844"}],"wp:attachment":[{"href":"https:\/\/hockey.be\/fr\/wp-json\/wp\/v2\/media?parent=34843"}],"wp:term":[{"taxonomy":"category","embeddable":true,"href":"https:\/\/hockey.be\/fr\/wp-json\/wp\/v2\/categories?post=34843"},{"taxonomy":"post_tag","embeddable":true,"href":"https:\/\/hockey.be\/fr\/wp-json\/wp\/v2\/tags?post=34843"}],"curies":[{"name":"wp","href":"https:\/\/api.w.org\/{rel}","templated":true}]}}