{"id":29106,"date":"2020-08-03T21:01:27","date_gmt":"2020-08-03T19:01:27","guid":{"rendered":"https:\/\/hockey.be\/?p=29106"},"modified":"2020-08-03T21:02:12","modified_gmt":"2020-08-03T19:02:12","slug":"guy-verhoeven-nous-a-quitte","status":"publish","type":"post","link":"https:\/\/hockey.be\/fr\/guy-verhoeven-nous-a-quitte\/","title":{"rendered":"Guy Verhoeven nous a quitt\u00e9"},"content":{"rendered":"\t\t<div data-elementor-type=\"wp-post\" data-elementor-id=\"29106\" class=\"elementor elementor-29106\" data-elementor-post-type=\"post\">\n\t\t\t\t\t\t<section class=\"elementor-section elementor-top-section elementor-element elementor-element-0833ec6 elementor-section-boxed elementor-section-height-default elementor-section-height-default\" data-id=\"0833ec6\" data-element_type=\"section\" data-e-type=\"section\" data-settings=\"{&quot;jet_parallax_layout_list&quot;:[{&quot;jet_parallax_layout_image&quot;:{&quot;url&quot;:&quot;&quot;,&quot;id&quot;:&quot;&quot;,&quot;size&quot;:&quot;&quot;},&quot;_id&quot;:&quot;0094ec1&quot;,&quot;jet_parallax_layout_image_tablet&quot;:{&quot;url&quot;:&quot;&quot;,&quot;id&quot;:&quot;&quot;,&quot;size&quot;:&quot;&quot;},&quot;jet_parallax_layout_image_mobile&quot;:{&quot;url&quot;:&quot;&quot;,&quot;id&quot;:&quot;&quot;,&quot;size&quot;:&quot;&quot;},&quot;jet_parallax_layout_speed&quot;:{&quot;unit&quot;:&quot;%&quot;,&quot;size&quot;:50,&quot;sizes&quot;:[]},&quot;jet_parallax_layout_type&quot;:&quot;scroll&quot;,&quot;jet_parallax_layout_direction&quot;:&quot;1&quot;,&quot;jet_parallax_layout_fx_direction&quot;:null,&quot;jet_parallax_layout_z_index&quot;:&quot;&quot;,&quot;jet_parallax_layout_bg_x&quot;:50,&quot;jet_parallax_layout_bg_y&quot;:50,&quot;jet_parallax_layout_bg_size&quot;:&quot;auto&quot;,&quot;jet_parallax_layout_animation_prop&quot;:&quot;transform&quot;,&quot;jet_parallax_layout_on&quot;:[&quot;desktop&quot;,&quot;tablet&quot;],&quot;jet_parallax_layout_image_widescreen&quot;:{&quot;url&quot;:&quot;&quot;,&quot;id&quot;:&quot;&quot;,&quot;size&quot;:&quot;&quot;},&quot;jet_parallax_layout_image_laptop&quot;:{&quot;url&quot;:&quot;&quot;,&quot;id&quot;:&quot;&quot;,&quot;size&quot;:&quot;&quot;},&quot;jet_parallax_layout_image_tablet_extra&quot;:{&quot;url&quot;:&quot;&quot;,&quot;id&quot;:&quot;&quot;,&quot;size&quot;:&quot;&quot;},&quot;jet_parallax_layout_image_mobile_extra&quot;:{&quot;url&quot;:&quot;&quot;,&quot;id&quot;:&quot;&quot;,&quot;size&quot;:&quot;&quot;},&quot;jet_parallax_layout_bg_x_widescreen&quot;:&quot;&quot;,&quot;jet_parallax_layout_bg_x_laptop&quot;:&quot;&quot;,&quot;jet_parallax_layout_bg_x_tablet_extra&quot;:&quot;&quot;,&quot;jet_parallax_layout_bg_x_tablet&quot;:&quot;&quot;,&quot;jet_parallax_layout_bg_x_mobile_extra&quot;:&quot;&quot;,&quot;jet_parallax_layout_bg_x_mobile&quot;:&quot;&quot;,&quot;jet_parallax_layout_bg_y_widescreen&quot;:&quot;&quot;,&quot;jet_parallax_layout_bg_y_laptop&quot;:&quot;&quot;,&quot;jet_parallax_layout_bg_y_tablet_extra&quot;:&quot;&quot;,&quot;jet_parallax_layout_bg_y_tablet&quot;:&quot;&quot;,&quot;jet_parallax_layout_bg_y_mobile_extra&quot;:&quot;&quot;,&quot;jet_parallax_layout_bg_y_mobile&quot;:&quot;&quot;,&quot;jet_parallax_layout_bg_size_widescreen&quot;:&quot;&quot;,&quot;jet_parallax_layout_bg_size_laptop&quot;:&quot;&quot;,&quot;jet_parallax_layout_bg_size_tablet_extra&quot;:&quot;&quot;,&quot;jet_parallax_layout_bg_size_tablet&quot;:&quot;&quot;,&quot;jet_parallax_layout_bg_size_mobile_extra&quot;:&quot;&quot;,&quot;jet_parallax_layout_bg_size_mobile&quot;:&quot;&quot;}]}\">\n\t\t\t\t\t\t<div class=\"elementor-container elementor-column-gap-default\">\n\t\t\t\t\t<div class=\"elementor-column elementor-col-100 elementor-top-column elementor-element elementor-element-ea4ae9c\" data-id=\"ea4ae9c\" data-element_type=\"column\" data-e-type=\"column\">\n\t\t\t<div class=\"elementor-widget-wrap elementor-element-populated\">\n\t\t\t\t\t\t<div class=\"elementor-element elementor-element-9c7934e elementor-widget elementor-widget-text-editor\" data-id=\"9c7934e\" data-element_type=\"widget\" data-e-type=\"widget\" data-widget_type=\"text-editor.default\">\n\t\t\t\t<div class=\"elementor-widget-container\">\n\t\t\t\t\t\t\t\t\t<p class=\"MsoNormal\">C\u2019est avec une grande\ntristesse que nous apprenons le d\u00e9c\u00e8s de Guy Verhoeven. <o:p><\/o:p><\/p><p class=\"MsoNormal\">Ancien joueur du\nBeerschot, il s\u2019essaya au coaching dans les ann\u00e9es 80. Cet ancien Olympien, il\nrepr\u00e9senta notre pays lors des J.O de Tokyo en 1964, pris part \u00e0 la s\u00e9lection\nnationale 18 fois. <o:p><\/o:p><\/p><p>\n\n\n\n<\/p><p class=\"MsoNormal\">Au nom de la\nF\u00e9d\u00e9ration, nous pr\u00e9sentons nos condol\u00e9ances \u00e0 sa famille et \u00e0 ses proches.<o:p><\/o:p><\/p>\t\t\t\t\t\t\t\t<\/div>\n\t\t\t\t<\/div>\n\t\t\t\t\t<\/div>\n\t\t<\/div>\n\t\t\t\t\t<\/div>\n\t\t<\/section>\n\t\t\t\t<\/div>\n\t\t","protected":false},"excerpt":{"rendered":"<p>C\u2019est avec une grande tristesse que nous apprenons le d\u00e9c\u00e8s de Guy Verhoeven. Ancien joueur du Beerschot, il s\u2019essaya au coaching dans les ann\u00e9es 80. Cet ancien Olympien, il repr\u00e9senta [&hellip;]<\/p>\n","protected":false},"author":4,"featured_media":22960,"comment_status":"closed","ping_status":"closed","sticky":false,"template":"","format":"standard","meta":{"_acf_changed":false,"footnotes":""},"categories":[64],"tags":[],"class_list":["post-29106","post","type-post","status-publish","format-standard","has-post-thumbnail","hentry","category-arbh"],"acf":[],"yoast_head":"<!-- This site is optimized with the Yoast SEO plugin v27.4 - https:\/\/yoast.com\/product\/yoast-seo-wordpress\/ -->\n<title>Guy Verhoeven nous a quitt\u00e9 - Hockey Belgium<\/title>\n<meta name=\"description\" content=\"C\u2019est avec une grande tristesse que nous apprenons le d\u00e9c\u00e8s de Guy Verhoeven.\" \/>\n<meta name=\"robots\" content=\"index, follow, max-snippet:-1, max-image-preview:large, max-video-preview:-1\" \/>\n<link rel=\"canonical\" href=\"https:\/\/hockey.be\/fr\/guy-verhoeven-nous-a-quitte\/\" \/>\n<meta property=\"og:locale\" content=\"fr_FR\" \/>\n<meta property=\"og:type\" content=\"article\" \/>\n<meta property=\"og:title\" content=\"Guy Verhoeven nous a quitt\u00e9 - Hockey Belgium\" \/>\n<meta property=\"og:description\" content=\"C\u2019est avec une grande tristesse que nous apprenons le d\u00e9c\u00e8s de Guy Verhoeven.\" \/>\n<meta property=\"og:url\" content=\"https:\/\/hockey.be\/fr\/guy-verhoeven-nous-a-quitte\/\" \/>\n<meta property=\"og:site_name\" content=\"Hockey Belgium\" \/>\n<meta property=\"article:published_time\" content=\"2020-08-03T19:01:27+00:00\" \/>\n<meta property=\"article:modified_time\" content=\"2020-08-03T19:02:12+00:00\" \/>\n<meta property=\"og:image\" content=\"https:\/\/hockey.be\/wp-content\/uploads\/2019\/11\/Header-Site-web-7.png\" \/>\n\t<meta property=\"og:image:width\" content=\"1920\" \/>\n\t<meta property=\"og:image:height\" content=\"400\" \/>\n\t<meta property=\"og:image:type\" content=\"image\/png\" \/>\n<meta name=\"author\" content=\"Virginie Marsigny\" \/>\n<meta name=\"twitter:card\" content=\"summary_large_image\" \/>\n<meta name=\"twitter:label1\" content=\"\u00c9crit par\" \/>\n\t<meta name=\"twitter:data1\" content=\"Virginie Marsigny\" \/>\n<script type=\"application\/ld+json\" class=\"yoast-schema-graph\">{\"@context\":\"https:\\\/\\\/schema.org\",\"@graph\":[{\"@type\":\"Article\",\"@id\":\"https:\\\/\\\/hockey.be\\\/fr\\\/guy-verhoeven-nous-a-quitte\\\/#article\",\"isPartOf\":{\"@id\":\"https:\\\/\\\/hockey.be\\\/fr\\\/guy-verhoeven-nous-a-quitte\\\/\"},\"author\":{\"name\":\"Virginie Marsigny\",\"@id\":\"https:\\\/\\\/hockey.be\\\/nl\\\/#\\\/schema\\\/person\\\/ed7c7cf4d143b3a1be5b5f612b397612\"},\"headline\":\"Guy Verhoeven nous a quitt\u00e9\",\"datePublished\":\"2020-08-03T19:01:27+00:00\",\"dateModified\":\"2020-08-03T19:02:12+00:00\",\"mainEntityOfPage\":{\"@id\":\"https:\\\/\\\/hockey.be\\\/fr\\\/guy-verhoeven-nous-a-quitte\\\/\"},\"wordCount\":74,\"publisher\":{\"@id\":\"https:\\\/\\\/hockey.be\\\/nl\\\/#organization\"},\"image\":{\"@id\":\"https:\\\/\\\/hockey.be\\\/fr\\\/guy-verhoeven-nous-a-quitte\\\/#primaryimage\"},\"thumbnailUrl\":\"https:\\\/\\\/hockey.be\\\/wp-content\\\/uploads\\\/2019\\\/11\\\/Header-Site-web-7.png\",\"articleSection\":[\"ARBH News\"],\"inLanguage\":\"fr-FR\"},{\"@type\":\"WebPage\",\"@id\":\"https:\\\/\\\/hockey.be\\\/fr\\\/guy-verhoeven-nous-a-quitte\\\/\",\"url\":\"https:\\\/\\\/hockey.be\\\/fr\\\/guy-verhoeven-nous-a-quitte\\\/\",\"name\":\"Guy Verhoeven nous a quitt\u00e9 - Hockey Belgium\",\"isPartOf\":{\"@id\":\"https:\\\/\\\/hockey.be\\\/nl\\\/#website\"},\"primaryImageOfPage\":{\"@id\":\"https:\\\/\\\/hockey.be\\\/fr\\\/guy-verhoeven-nous-a-quitte\\\/#primaryimage\"},\"image\":{\"@id\":\"https:\\\/\\\/hockey.be\\\/fr\\\/guy-verhoeven-nous-a-quitte\\\/#primaryimage\"},\"thumbnailUrl\":\"https:\\\/\\\/hockey.be\\\/wp-content\\\/uploads\\\/2019\\\/11\\\/Header-Site-web-7.png\",\"datePublished\":\"2020-08-03T19:01:27+00:00\",\"dateModified\":\"2020-08-03T19:02:12+00:00\",\"description\":\"C\u2019est avec une grande tristesse que nous apprenons le d\u00e9c\u00e8s de Guy Verhoeven.\",\"breadcrumb\":{\"@id\":\"https:\\\/\\\/hockey.be\\\/fr\\\/guy-verhoeven-nous-a-quitte\\\/#breadcrumb\"},\"inLanguage\":\"fr-FR\",\"potentialAction\":[{\"@type\":\"ReadAction\",\"target\":[\"https:\\\/\\\/hockey.be\\\/fr\\\/guy-verhoeven-nous-a-quitte\\\/\"]}]},{\"@type\":\"ImageObject\",\"inLanguage\":\"fr-FR\",\"@id\":\"https:\\\/\\\/hockey.be\\\/fr\\\/guy-verhoeven-nous-a-quitte\\\/#primaryimage\",\"url\":\"https:\\\/\\\/hockey.be\\\/wp-content\\\/uploads\\\/2019\\\/11\\\/Header-Site-web-7.png\",\"contentUrl\":\"https:\\\/\\\/hockey.be\\\/wp-content\\\/uploads\\\/2019\\\/11\\\/Header-Site-web-7.png\",\"width\":1920,\"height\":400},{\"@type\":\"BreadcrumbList\",\"@id\":\"https:\\\/\\\/hockey.be\\\/fr\\\/guy-verhoeven-nous-a-quitte\\\/#breadcrumb\",\"itemListElement\":[{\"@type\":\"ListItem\",\"position\":1,\"name\":\"Home\",\"item\":\"https:\\\/\\\/hockey.be\\\/fr\\\/\"},{\"@type\":\"ListItem\",\"position\":2,\"name\":\"Guy Verhoeven nous a quitt\u00e9\"}]},{\"@type\":\"WebSite\",\"@id\":\"https:\\\/\\\/hockey.be\\\/nl\\\/#website\",\"url\":\"https:\\\/\\\/hockey.be\\\/nl\\\/\",\"name\":\"Hockey Belgium\",\"description\":\"En nog een WordPress website\",\"publisher\":{\"@id\":\"https:\\\/\\\/hockey.be\\\/nl\\\/#organization\"},\"potentialAction\":[{\"@type\":\"SearchAction\",\"target\":{\"@type\":\"EntryPoint\",\"urlTemplate\":\"https:\\\/\\\/hockey.be\\\/nl\\\/?s={search_term_string}\"},\"query-input\":{\"@type\":\"PropertyValueSpecification\",\"valueRequired\":true,\"valueName\":\"search_term_string\"}}],\"inLanguage\":\"fr-FR\"},{\"@type\":\"Organization\",\"@id\":\"https:\\\/\\\/hockey.be\\\/nl\\\/#organization\",\"name\":\"Hockey Belgium\",\"url\":\"https:\\\/\\\/hockey.be\\\/nl\\\/\",\"logo\":{\"@type\":\"ImageObject\",\"inLanguage\":\"fr-FR\",\"@id\":\"https:\\\/\\\/hockey.be\\\/nl\\\/#\\\/schema\\\/logo\\\/image\\\/\",\"url\":\"https:\\\/\\\/hockey.be\\\/wp-content\\\/uploads\\\/2025\\\/07\\\/logo-hockey-be.svg\",\"contentUrl\":\"https:\\\/\\\/hockey.be\\\/wp-content\\\/uploads\\\/2025\\\/07\\\/logo-hockey-be.svg\",\"width\":724.16,\"height\":241.49,\"caption\":\"Hockey Belgium\"},\"image\":{\"@id\":\"https:\\\/\\\/hockey.be\\\/nl\\\/#\\\/schema\\\/logo\\\/image\\\/\"}},{\"@type\":\"Person\",\"@id\":\"https:\\\/\\\/hockey.be\\\/nl\\\/#\\\/schema\\\/person\\\/ed7c7cf4d143b3a1be5b5f612b397612\",\"name\":\"Virginie Marsigny\",\"image\":{\"@type\":\"ImageObject\",\"inLanguage\":\"fr-FR\",\"@id\":\"https:\\\/\\\/secure.gravatar.com\\\/avatar\\\/a73675d4f1eeae3604ca1029a18f6cd0ea89db6d823c739d5b9c4f6b7a7f71cd?s=96&d=mm&r=g\",\"url\":\"https:\\\/\\\/secure.gravatar.com\\\/avatar\\\/a73675d4f1eeae3604ca1029a18f6cd0ea89db6d823c739d5b9c4f6b7a7f71cd?s=96&d=mm&r=g\",\"contentUrl\":\"https:\\\/\\\/secure.gravatar.com\\\/avatar\\\/a73675d4f1eeae3604ca1029a18f6cd0ea89db6d823c739d5b9c4f6b7a7f71cd?s=96&d=mm&r=g\",\"caption\":\"Virginie Marsigny\"},\"url\":\"https:\\\/\\\/hockey.be\\\/fr\\\/author\\\/virginie\\\/\"}]}<\/script>\n<!-- \/ Yoast SEO plugin. -->","yoast_head_json":{"title":"Guy Verhoeven nous a quitt\u00e9 - Hockey Belgium","description":"C\u2019est avec une grande tristesse que nous apprenons le d\u00e9c\u00e8s de Guy Verhoeven.","robots":{"index":"index","follow":"follow","max-snippet":"max-snippet:-1","max-image-preview":"max-image-preview:large","max-video-preview":"max-video-preview:-1"},"canonical":"https:\/\/hockey.be\/fr\/guy-verhoeven-nous-a-quitte\/","og_locale":"fr_FR","og_type":"article","og_title":"Guy Verhoeven nous a quitt\u00e9 - Hockey Belgium","og_description":"C\u2019est avec une grande tristesse que nous apprenons le d\u00e9c\u00e8s de Guy Verhoeven.","og_url":"https:\/\/hockey.be\/fr\/guy-verhoeven-nous-a-quitte\/","og_site_name":"Hockey Belgium","article_published_time":"2020-08-03T19:01:27+00:00","article_modified_time":"2020-08-03T19:02:12+00:00","og_image":[{"width":1920,"height":400,"url":"https:\/\/hockey.be\/wp-content\/uploads\/2019\/11\/Header-Site-web-7.png","type":"image\/png"}],"author":"Virginie Marsigny","twitter_card":"summary_large_image","twitter_misc":{"\u00c9crit par":"Virginie Marsigny"},"schema":{"@context":"https:\/\/schema.org","@graph":[{"@type":"Article","@id":"https:\/\/hockey.be\/fr\/guy-verhoeven-nous-a-quitte\/#article","isPartOf":{"@id":"https:\/\/hockey.be\/fr\/guy-verhoeven-nous-a-quitte\/"},"author":{"name":"Virginie Marsigny","@id":"https:\/\/hockey.be\/nl\/#\/schema\/person\/ed7c7cf4d143b3a1be5b5f612b397612"},"headline":"Guy Verhoeven nous a quitt\u00e9","datePublished":"2020-08-03T19:01:27+00:00","dateModified":"2020-08-03T19:02:12+00:00","mainEntityOfPage":{"@id":"https:\/\/hockey.be\/fr\/guy-verhoeven-nous-a-quitte\/"},"wordCount":74,"publisher":{"@id":"https:\/\/hockey.be\/nl\/#organization"},"image":{"@id":"https:\/\/hockey.be\/fr\/guy-verhoeven-nous-a-quitte\/#primaryimage"},"thumbnailUrl":"https:\/\/hockey.be\/wp-content\/uploads\/2019\/11\/Header-Site-web-7.png","articleSection":["ARBH News"],"inLanguage":"fr-FR"},{"@type":"WebPage","@id":"https:\/\/hockey.be\/fr\/guy-verhoeven-nous-a-quitte\/","url":"https:\/\/hockey.be\/fr\/guy-verhoeven-nous-a-quitte\/","name":"Guy Verhoeven nous a quitt\u00e9 - Hockey Belgium","isPartOf":{"@id":"https:\/\/hockey.be\/nl\/#website"},"primaryImageOfPage":{"@id":"https:\/\/hockey.be\/fr\/guy-verhoeven-nous-a-quitte\/#primaryimage"},"image":{"@id":"https:\/\/hockey.be\/fr\/guy-verhoeven-nous-a-quitte\/#primaryimage"},"thumbnailUrl":"https:\/\/hockey.be\/wp-content\/uploads\/2019\/11\/Header-Site-web-7.png","datePublished":"2020-08-03T19:01:27+00:00","dateModified":"2020-08-03T19:02:12+00:00","description":"C\u2019est avec une grande tristesse que nous apprenons le d\u00e9c\u00e8s de Guy Verhoeven.","breadcrumb":{"@id":"https:\/\/hockey.be\/fr\/guy-verhoeven-nous-a-quitte\/#breadcrumb"},"inLanguage":"fr-FR","potentialAction":[{"@type":"ReadAction","target":["https:\/\/hockey.be\/fr\/guy-verhoeven-nous-a-quitte\/"]}]},{"@type":"ImageObject","inLanguage":"fr-FR","@id":"https:\/\/hockey.be\/fr\/guy-verhoeven-nous-a-quitte\/#primaryimage","url":"https:\/\/hockey.be\/wp-content\/uploads\/2019\/11\/Header-Site-web-7.png","contentUrl":"https:\/\/hockey.be\/wp-content\/uploads\/2019\/11\/Header-Site-web-7.png","width":1920,"height":400},{"@type":"BreadcrumbList","@id":"https:\/\/hockey.be\/fr\/guy-verhoeven-nous-a-quitte\/#breadcrumb","itemListElement":[{"@type":"ListItem","position":1,"name":"Home","item":"https:\/\/hockey.be\/fr\/"},{"@type":"ListItem","position":2,"name":"Guy Verhoeven nous a quitt\u00e9"}]},{"@type":"WebSite","@id":"https:\/\/hockey.be\/nl\/#website","url":"https:\/\/hockey.be\/nl\/","name":"Hockey Belgium","description":"En nog een WordPress website","publisher":{"@id":"https:\/\/hockey.be\/nl\/#organization"},"potentialAction":[{"@type":"SearchAction","target":{"@type":"EntryPoint","urlTemplate":"https:\/\/hockey.be\/nl\/?s={search_term_string}"},"query-input":{"@type":"PropertyValueSpecification","valueRequired":true,"valueName":"search_term_string"}}],"inLanguage":"fr-FR"},{"@type":"Organization","@id":"https:\/\/hockey.be\/nl\/#organization","name":"Hockey Belgium","url":"https:\/\/hockey.be\/nl\/","logo":{"@type":"ImageObject","inLanguage":"fr-FR","@id":"https:\/\/hockey.be\/nl\/#\/schema\/logo\/image\/","url":"https:\/\/hockey.be\/wp-content\/uploads\/2025\/07\/logo-hockey-be.svg","contentUrl":"https:\/\/hockey.be\/wp-content\/uploads\/2025\/07\/logo-hockey-be.svg","width":724.16,"height":241.49,"caption":"Hockey Belgium"},"image":{"@id":"https:\/\/hockey.be\/nl\/#\/schema\/logo\/image\/"}},{"@type":"Person","@id":"https:\/\/hockey.be\/nl\/#\/schema\/person\/ed7c7cf4d143b3a1be5b5f612b397612","name":"Virginie Marsigny","image":{"@type":"ImageObject","inLanguage":"fr-FR","@id":"https:\/\/secure.gravatar.com\/avatar\/a73675d4f1eeae3604ca1029a18f6cd0ea89db6d823c739d5b9c4f6b7a7f71cd?s=96&d=mm&r=g","url":"https:\/\/secure.gravatar.com\/avatar\/a73675d4f1eeae3604ca1029a18f6cd0ea89db6d823c739d5b9c4f6b7a7f71cd?s=96&d=mm&r=g","contentUrl":"https:\/\/secure.gravatar.com\/avatar\/a73675d4f1eeae3604ca1029a18f6cd0ea89db6d823c739d5b9c4f6b7a7f71cd?s=96&d=mm&r=g","caption":"Virginie Marsigny"},"url":"https:\/\/hockey.be\/fr\/author\/virginie\/"}]}},"_links":{"self":[{"href":"https:\/\/hockey.be\/fr\/wp-json\/wp\/v2\/posts\/29106","targetHints":{"allow":["GET"]}}],"collection":[{"href":"https:\/\/hockey.be\/fr\/wp-json\/wp\/v2\/posts"}],"about":[{"href":"https:\/\/hockey.be\/fr\/wp-json\/wp\/v2\/types\/post"}],"author":[{"embeddable":true,"href":"https:\/\/hockey.be\/fr\/wp-json\/wp\/v2\/users\/4"}],"replies":[{"embeddable":true,"href":"https:\/\/hockey.be\/fr\/wp-json\/wp\/v2\/comments?post=29106"}],"version-history":[{"count":0,"href":"https:\/\/hockey.be\/fr\/wp-json\/wp\/v2\/posts\/29106\/revisions"}],"wp:featuredmedia":[{"embeddable":true,"href":"https:\/\/hockey.be\/fr\/wp-json\/wp\/v2\/media\/22960"}],"wp:attachment":[{"href":"https:\/\/hockey.be\/fr\/wp-json\/wp\/v2\/media?parent=29106"}],"wp:term":[{"taxonomy":"category","embeddable":true,"href":"https:\/\/hockey.be\/fr\/wp-json\/wp\/v2\/categories?post=29106"},{"taxonomy":"post_tag","embeddable":true,"href":"https:\/\/hockey.be\/fr\/wp-json\/wp\/v2\/tags?post=29106"}],"curies":[{"name":"wp","href":"https:\/\/api.w.org\/{rel}","templated":true}]}}