{"id":13899,"date":"2019-08-19T18:46:20","date_gmt":"2019-08-19T16:46:20","guid":{"rendered":"https:\/\/hockey.be\/?post_type=news&#038;p=13899"},"modified":"2019-08-28T11:56:06","modified_gmt":"2019-08-28T09:56:06","slug":"le-parahockey-en-fete-au-victory","status":"publish","type":"post","link":"https:\/\/hockey.be\/fr\/le-parahockey-en-fete-au-victory\/","title":{"rendered":"Le ParaHockey en f\u00eate au Victory\u00a0!"},"content":{"rendered":"\t\t<div data-elementor-type=\"wp-post\" data-elementor-id=\"13899\" class=\"elementor elementor-13899\" data-elementor-post-type=\"post\">\n\t\t\t\t\t\t<section class=\"elementor-section elementor-top-section elementor-element elementor-element-8a10618 elementor-section-boxed elementor-section-height-default elementor-section-height-default\" data-id=\"8a10618\" data-element_type=\"section\" data-e-type=\"section\" data-settings=\"{&quot;jet_parallax_layout_list&quot;:[{&quot;jet_parallax_layout_image&quot;:{&quot;url&quot;:&quot;&quot;,&quot;id&quot;:&quot;&quot;,&quot;size&quot;:&quot;&quot;},&quot;_id&quot;:&quot;20a3005&quot;,&quot;jet_parallax_layout_image_tablet&quot;:{&quot;url&quot;:&quot;&quot;,&quot;id&quot;:&quot;&quot;,&quot;size&quot;:&quot;&quot;},&quot;jet_parallax_layout_image_mobile&quot;:{&quot;url&quot;:&quot;&quot;,&quot;id&quot;:&quot;&quot;,&quot;size&quot;:&quot;&quot;},&quot;jet_parallax_layout_speed&quot;:{&quot;unit&quot;:&quot;%&quot;,&quot;size&quot;:50,&quot;sizes&quot;:[]},&quot;jet_parallax_layout_type&quot;:&quot;scroll&quot;,&quot;jet_parallax_layout_z_index&quot;:&quot;&quot;,&quot;jet_parallax_layout_bg_x&quot;:50,&quot;jet_parallax_layout_bg_y&quot;:50,&quot;jet_parallax_layout_bg_size&quot;:&quot;auto&quot;,&quot;jet_parallax_layout_animation_prop&quot;:&quot;transform&quot;,&quot;jet_parallax_layout_on&quot;:[&quot;desktop&quot;,&quot;tablet&quot;],&quot;jet_parallax_layout_image_widescreen&quot;:{&quot;url&quot;:&quot;&quot;,&quot;id&quot;:&quot;&quot;,&quot;size&quot;:&quot;&quot;},&quot;jet_parallax_layout_image_laptop&quot;:{&quot;url&quot;:&quot;&quot;,&quot;id&quot;:&quot;&quot;,&quot;size&quot;:&quot;&quot;},&quot;jet_parallax_layout_image_tablet_extra&quot;:{&quot;url&quot;:&quot;&quot;,&quot;id&quot;:&quot;&quot;,&quot;size&quot;:&quot;&quot;},&quot;jet_parallax_layout_image_mobile_extra&quot;:{&quot;url&quot;:&quot;&quot;,&quot;id&quot;:&quot;&quot;,&quot;size&quot;:&quot;&quot;},&quot;jet_parallax_layout_direction&quot;:&quot;1&quot;,&quot;jet_parallax_layout_fx_direction&quot;:null,&quot;jet_parallax_layout_bg_x_widescreen&quot;:&quot;&quot;,&quot;jet_parallax_layout_bg_x_laptop&quot;:&quot;&quot;,&quot;jet_parallax_layout_bg_x_tablet_extra&quot;:&quot;&quot;,&quot;jet_parallax_layout_bg_x_tablet&quot;:&quot;&quot;,&quot;jet_parallax_layout_bg_x_mobile_extra&quot;:&quot;&quot;,&quot;jet_parallax_layout_bg_x_mobile&quot;:&quot;&quot;,&quot;jet_parallax_layout_bg_y_widescreen&quot;:&quot;&quot;,&quot;jet_parallax_layout_bg_y_laptop&quot;:&quot;&quot;,&quot;jet_parallax_layout_bg_y_tablet_extra&quot;:&quot;&quot;,&quot;jet_parallax_layout_bg_y_tablet&quot;:&quot;&quot;,&quot;jet_parallax_layout_bg_y_mobile_extra&quot;:&quot;&quot;,&quot;jet_parallax_layout_bg_y_mobile&quot;:&quot;&quot;,&quot;jet_parallax_layout_bg_size_widescreen&quot;:&quot;&quot;,&quot;jet_parallax_layout_bg_size_laptop&quot;:&quot;&quot;,&quot;jet_parallax_layout_bg_size_tablet_extra&quot;:&quot;&quot;,&quot;jet_parallax_layout_bg_size_tablet&quot;:&quot;&quot;,&quot;jet_parallax_layout_bg_size_mobile_extra&quot;:&quot;&quot;,&quot;jet_parallax_layout_bg_size_mobile&quot;:&quot;&quot;}]}\">\n\t\t\t\t\t\t<div class=\"elementor-container elementor-column-gap-wider\">\n\t\t\t\t\t<div class=\"elementor-column elementor-col-50 elementor-top-column elementor-element elementor-element-256039e\" data-id=\"256039e\" data-element_type=\"column\" data-e-type=\"column\">\n\t\t\t<div class=\"elementor-widget-wrap elementor-element-populated\">\n\t\t\t\t\t\t<div class=\"elementor-element elementor-element-a177301 elementor-widget elementor-widget-post-info\" data-id=\"a177301\" data-element_type=\"widget\" data-e-type=\"widget\" data-widget_type=\"post-info.default\">\n\t\t\t\t<div class=\"elementor-widget-container\">\n\t\t\t\t\t\t\t<ul class=\"elementor-inline-items elementor-icon-list-items elementor-post-info\">\n\t\t\t\t\t\t\t\t<li class=\"elementor-icon-list-item elementor-repeater-item-56c45ff elementor-inline-item\" itemprop=\"datePublished\">\n\t\t\t\t\t\t<a href=\"https:\/\/hockey.be\/fr\/2019\/08\/19\/\">\n\t\t\t\t\t\t\t\t\t\t\t<span class=\"elementor-icon-list-icon\">\n\t\t\t\t\t\t\t\t<svg aria-hidden=\"true\" class=\"e-font-icon-svg e-fas-calendar\" viewBox=\"0 0 448 512\" xmlns=\"http:\/\/www.w3.org\/2000\/svg\"><path d=\"M12 192h424c6.6 0 12 5.4 12 12v260c0 26.5-21.5 48-48 48H48c-26.5 0-48-21.5-48-48V204c0-6.6 5.4-12 12-12zm436-44v-36c0-26.5-21.5-48-48-48h-48V12c0-6.6-5.4-12-12-12h-40c-6.6 0-12 5.4-12 12v52H160V12c0-6.6-5.4-12-12-12h-40c-6.6 0-12 5.4-12 12v52H48C21.5 64 0 85.5 0 112v36c0 6.6 5.4 12 12 12h424c6.6 0 12-5.4 12-12z\"><\/path><\/svg>\t\t\t\t\t\t\t<\/span>\n\t\t\t\t\t\t\t\t\t<span class=\"elementor-icon-list-text elementor-post-info__item elementor-post-info__item--type-date\">\n\t\t\t\t\t\t\t\t\t\t<time>ao\u00fbt 19, 2019<\/time>\t\t\t\t\t<\/span>\n\t\t\t\t\t\t\t\t\t<\/a>\n\t\t\t\t<\/li>\n\t\t\t\t<\/ul>\n\t\t\t\t\t\t<\/div>\n\t\t\t\t<\/div>\n\t\t\t\t<div class=\"elementor-element elementor-element-4c15619 elementor-widget elementor-widget-heading\" data-id=\"4c15619\" data-element_type=\"widget\" data-e-type=\"widget\" data-widget_type=\"heading.default\">\n\t\t\t\t<div class=\"elementor-widget-container\">\n\t\t\t\t\t<h1 class=\"elementor-heading-title elementor-size-default\">Le ParaHockey en f\u00eate au Victory\u00a0!<\/h1>\t\t\t\t<\/div>\n\t\t\t\t<\/div>\n\t\t\t\t<div class=\"elementor-element elementor-element-6123d51 elementor-widget-divider--view-line elementor-widget elementor-widget-divider\" data-id=\"6123d51\" data-element_type=\"widget\" data-e-type=\"widget\" data-widget_type=\"divider.default\">\n\t\t\t\t<div class=\"elementor-widget-container\">\n\t\t\t\t\t\t\t<div class=\"elementor-divider\">\n\t\t\t<span class=\"elementor-divider-separator\">\n\t\t\t\t\t\t<\/span>\n\t\t<\/div>\n\t\t\t\t\t\t<\/div>\n\t\t\t\t<\/div>\n\t\t\t\t<div class=\"elementor-element elementor-element-335f823 elementor-widget elementor-widget-text-editor\" data-id=\"335f823\" data-element_type=\"widget\" data-e-type=\"widget\" data-widget_type=\"text-editor.default\">\n\t\t\t\t<div class=\"elementor-widget-container\">\n\t\t\t\t\t\t\t\t\t<p>Il n\u2019y a pas que Wilrijk qui vit au rythme des exploits des meilleurs hockeyeurs et hockeyeuses europ\u00e9ens. A quelques kilom\u00e8tres de l\u00e0, dans le club du Victory, le Cronos Euro ParaHockey Championships 2019 a d\u00e9marr\u00e9 depuis ce lundi 19 ao\u00fbt. Douze \u00e9quipes venant de neuf pays diff\u00e9rents s\u2019affrontent sur trois demi-terrains, encadr\u00e9es comme des professionnels. Directrice de tournoi, juges, des arbitres tels Germain Boutte (Sifflet d\u2019Or espoir 2016)\u00a0: pour la premi\u00e8re fois, nos Red Giants, la France, l\u2019Espagne et les autres disputent une comp\u00e9tition officielle. <em>\u00ab\u00a0Pour les athl\u00e8tes, c\u2019est fantastique\u00a0\u00bb<\/em>, explique L\u00e9o Lucas, le pr\u00e9sident du Victory. <em>\u00ab\u00a0Et ils se rendent compte de cette \u00e9volution. Il y a une grosse diff\u00e9rence avec Boom 2013. Certaines \u00e9quipes n\u2019avaient m\u00eame pas de maillot commun. Aujourd\u2019hui, ils sont toujours habill\u00e9s pareil.\u00a0L\u2019attention autour d\u2019eux augmente vraiment. Concernant la logistique (transport, h\u00f4tel, lunchs), nous devons g\u00e9rer les m\u00eames choses qu\u2019\u00e0 Wilrijk.\u00a0\u00bb<\/em><\/p><p><img decoding=\"async\" class=\"alignleft wp-image-13904\" src=\"https:\/\/hockeydev2.wpengine.com\/wp-content\/uploads\/2019\/08\/Valentins-photos-9-e1566233428195-150x150.jpeg\" alt=\"\" width=\"160\" height=\"103\" srcset=\"https:\/\/hockey.be\/wp-content\/uploads\/2019\/08\/Valentins-photos-9-e1566233428195-300x192.jpeg 300w, https:\/\/hockey.be\/wp-content\/uploads\/2019\/08\/Valentins-photos-9-e1566233428195-768x492.jpeg 768w, https:\/\/hockey.be\/wp-content\/uploads\/2019\/08\/Valentins-photos-9-e1566233428195.jpeg 1003w\" sizes=\"(max-width: 160px) 100vw, 160px\" \/>Tout s\u2019est bien pass\u00e9 ce lundi \u00e0 Edegem. Pendant que le Portugal empilait les buts contre l\u2019Allemagne, un Anglais prenait un Irlandais dans\u00a0ses bras pour c\u00e9l\u00e9brer un shoot-out victorieux. <em>\u00ab\u00a0Il y a plus ou moins 200 joueurs et membres du staff pendant ce tournoi. Des \u00e9quipes comme la Bulgarie ou l\u2019Ecosse pourraient venir \u00e0 des \u00e9ditions futures\u00a0\u00bb<\/em>, confie Tom Pedersen Smith, Development and Education Manager \u00e0 l\u2019EHF. <em>\u00ab\u00a0La collaboration avec le Victory n\u2019aurait pas pu se passer mieux depuis 12 mois. Ce club a le ParaHockey dans son ADN.\u00a0\u00bb<\/em><\/p><p>Le Victory f\u00eate d\u2019ailleurs ses 100 ans cette ann\u00e9e. L\u2019organisation de ce championnat d\u2019Europe \u00e9tait une belle mani\u00e8re de marquer le coup. <em>\u00ab\u00a0C\u2019\u00e9tait vraiment important pour nous de nous occuper de cet \u00e9v\u00e9nement. En Belgique, notre club \u00e9tait le premier \u00e0 proposer une vraie structure pour le ParaHockey. C\u2019\u00e9tait il y a environ 10 ans.\u00a0\u00bb<\/em><\/p><p>Cet Euro ParaHockey se finira en beaut\u00e9 ce mercredi \u00e0 la Wilrijkse Plein. Nos Red Giants et leurs adversaires disputeront leur finale dans le stade o\u00f9 \u00e9voluent actuellement leurs stars pr\u00e9f\u00e9r\u00e9es. N\u2019h\u00e9sitez pas \u00e0 venir encourager tous ces passionn\u00e9s\u00a0! La parade de cl\u00f4ture est pr\u00e9vue \u00e0 14h15, les matches \u00e0 14h30 et la c\u00e9r\u00e9monie des m\u00e9dailles \u00e0 16h. Une mani\u00e8re id\u00e9ale de se mettre dans le bain pour la rencontre des Red Panthers face \u00e0 l\u2019Espagne.\u00a0<\/p><p><img fetchpriority=\"high\" decoding=\"async\" class=\"wp-image-13901 aligncenter\" src=\"https:\/\/hockeydev2.wpengine.com\/wp-content\/uploads\/2019\/08\/article-val-1200x515.png\" alt=\"\" width=\"800\" height=\"343\" srcset=\"https:\/\/hockey.be\/wp-content\/uploads\/2019\/08\/article-val-1200x515.png 1200w, https:\/\/hockey.be\/wp-content\/uploads\/2019\/08\/article-val-300x129.png 300w, https:\/\/hockey.be\/wp-content\/uploads\/2019\/08\/article-val-768x330.png 768w, https:\/\/hockey.be\/wp-content\/uploads\/2019\/08\/article-val.png 1468w\" sizes=\"(max-width: 800px) 100vw, 800px\" \/> <img decoding=\"async\" class=\"aligncenter wp-image-13902\" src=\"https:\/\/hockeydev2.wpengine.com\/wp-content\/uploads\/2019\/08\/Article-val-2-1200x467.png\" alt=\"\" width=\"800\" height=\"312\" srcset=\"https:\/\/hockey.be\/wp-content\/uploads\/2019\/08\/Article-val-2-1200x467.png 1200w, https:\/\/hockey.be\/wp-content\/uploads\/2019\/08\/Article-val-2-300x117.png 300w, https:\/\/hockey.be\/wp-content\/uploads\/2019\/08\/Article-val-2-768x299.png 768w, https:\/\/hockey.be\/wp-content\/uploads\/2019\/08\/Article-val-2.png 1494w\" sizes=\"(max-width: 800px) 100vw, 800px\" \/><\/p><p>\u00a0<\/p>\t\t\t\t\t\t\t\t<\/div>\n\t\t\t\t<\/div>\n\t\t\t\t<div class=\"elementor-element elementor-element-d3501d8 elementor-align-justify elementor-widget elementor-widget-button\" data-id=\"d3501d8\" data-element_type=\"widget\" data-e-type=\"widget\" data-widget_type=\"button.default\">\n\t\t\t\t<div class=\"elementor-widget-container\">\n\t\t\t\t\t\t\t\t\t<div class=\"elementor-button-wrapper\">\n\t\t\t\t\t<a class=\"elementor-button elementor-button-link elementor-size-lg\" href=\"http:\/\/www.belfiuseurohockey.com\/fr\/tickets\/\" id=\"ButtonDownload\">\n\t\t\t\t\t\t<span class=\"elementor-button-content-wrapper\">\n\t\t\t\t\t\t<span class=\"elementor-button-icon\">\n\t\t\t\t<svg aria-hidden=\"true\" class=\"e-font-icon-svg e-fas-cloud-download-alt\" viewBox=\"0 0 640 512\" xmlns=\"http:\/\/www.w3.org\/2000\/svg\"><path d=\"M537.6 226.6c4.1-10.7 6.4-22.4 6.4-34.6 0-53-43-96-96-96-19.7 0-38.1 6-53.3 16.2C367 64.2 315.3 32 256 32c-88.4 0-160 71.6-160 160 0 2.7.1 5.4.2 8.1C40.2 219.8 0 273.2 0 336c0 79.5 64.5 144 144 144h368c70.7 0 128-57.3 128-128 0-61.9-44-113.6-102.4-125.4zm-132.9 88.7L299.3 420.7c-6.2 6.2-16.4 6.2-22.6 0L171.3 315.3c-10.1-10.1-2.9-27.3 11.3-27.3H248V176c0-8.8 7.2-16 16-16h48c8.8 0 16 7.2 16 16v112h65.4c14.2 0 21.4 17.2 11.3 27.3z\"><\/path><\/svg>\t\t\t<\/span>\n\t\t\t\t\t\t\t\t\t<span class=\"elementor-button-text\">Achetez votre ticket<\/span>\n\t\t\t\t\t<\/span>\n\t\t\t\t\t<\/a>\n\t\t\t\t<\/div>\n\t\t\t\t\t\t\t\t<\/div>\n\t\t\t\t<\/div>\n\t\t\t\t<div class=\"elementor-element elementor-element-ad2d99f elementor-widget-divider--view-line elementor-widget elementor-widget-divider\" data-id=\"ad2d99f\" data-element_type=\"widget\" data-e-type=\"widget\" data-widget_type=\"divider.default\">\n\t\t\t\t<div class=\"elementor-widget-container\">\n\t\t\t\t\t\t\t<div class=\"elementor-divider\">\n\t\t\t<span class=\"elementor-divider-separator\">\n\t\t\t\t\t\t<\/span>\n\t\t<\/div>\n\t\t\t\t\t\t<\/div>\n\t\t\t\t<\/div>\n\t\t\t\t\t<\/div>\n\t\t<\/div>\n\t\t\t\t<div class=\"elementor-column elementor-col-50 elementor-top-column elementor-element elementor-element-842b543\" data-id=\"842b543\" data-element_type=\"column\" data-e-type=\"column\">\n\t\t\t<div class=\"elementor-widget-wrap elementor-element-populated\">\n\t\t\t\t\t\t<div class=\"elementor-element elementor-element-56dfcef elementor-share-buttons--skin-minimal elementor-share-buttons--shape-circle elementor-share-buttons--view-icon-text elementor-grid-0 elementor-share-buttons--color-official elementor-widget elementor-widget-share-buttons\" data-id=\"56dfcef\" data-element_type=\"widget\" data-e-type=\"widget\" data-widget_type=\"share-buttons.default\">\n\t\t\t\t<div class=\"elementor-widget-container\">\n\t\t\t\t\t\t\t<div class=\"elementor-grid\" role=\"list\">\n\t\t\t\t\t\t\t\t<div class=\"elementor-grid-item\" role=\"listitem\">\n\t\t\t\t\t\t<div class=\"elementor-share-btn elementor-share-btn_facebook\" role=\"button\" tabindex=\"0\" aria-label=\"Partager sur facebook\">\n\t\t\t\t\t\t\t\t\t\t\t\t\t\t\t<span class=\"elementor-share-btn__icon\">\n\t\t\t\t\t\t\t\t<svg aria-hidden=\"true\" class=\"e-font-icon-svg e-fab-facebook\" viewBox=\"0 0 512 512\" xmlns=\"http:\/\/www.w3.org\/2000\/svg\"><path d=\"M504 256C504 119 393 8 256 8S8 119 8 256c0 123.78 90.69 226.38 209.25 245V327.69h-63V256h63v-54.64c0-62.15 37-96.48 93.67-96.48 27.14 0 55.52 4.84 55.52 4.84v61h-31.28c-30.8 0-40.41 19.12-40.41 38.73V256h68.78l-11 71.69h-57.78V501C413.31 482.38 504 379.78 504 256z\"><\/path><\/svg>\t\t\t\t\t\t\t<\/span>\n\t\t\t\t\t\t\t\t\t\t\t\t\t\t\t\t\t\t\t\t<\/div>\n\t\t\t\t\t<\/div>\n\t\t\t\t\t\t\t\t\t<div class=\"elementor-grid-item\" role=\"listitem\">\n\t\t\t\t\t\t<div class=\"elementor-share-btn elementor-share-btn_twitter\" role=\"button\" tabindex=\"0\" aria-label=\"Partager sur twitter\">\n\t\t\t\t\t\t\t\t\t\t\t\t\t\t\t<span class=\"elementor-share-btn__icon\">\n\t\t\t\t\t\t\t\t<svg aria-hidden=\"true\" class=\"e-font-icon-svg e-fab-twitter\" viewBox=\"0 0 512 512\" xmlns=\"http:\/\/www.w3.org\/2000\/svg\"><path d=\"M459.37 151.716c.325 4.548.325 9.097.325 13.645 0 138.72-105.583 298.558-298.558 298.558-59.452 0-114.68-17.219-161.137-47.106 8.447.974 16.568 1.299 25.34 1.299 49.055 0 94.213-16.568 130.274-44.832-46.132-.975-84.792-31.188-98.112-72.772 6.498.974 12.995 1.624 19.818 1.624 9.421 0 18.843-1.3 27.614-3.573-48.081-9.747-84.143-51.98-84.143-102.985v-1.299c13.969 7.797 30.214 12.67 47.431 13.319-28.264-18.843-46.781-51.005-46.781-87.391 0-19.492 5.197-37.36 14.294-52.954 51.655 63.675 129.3 105.258 216.365 109.807-1.624-7.797-2.599-15.918-2.599-24.04 0-57.828 46.782-104.934 104.934-104.934 30.213 0 57.502 12.67 76.67 33.137 23.715-4.548 46.456-13.32 66.599-25.34-7.798 24.366-24.366 44.833-46.132 57.827 21.117-2.273 41.584-8.122 60.426-16.243-14.292 20.791-32.161 39.308-52.628 54.253z\"><\/path><\/svg>\t\t\t\t\t\t\t<\/span>\n\t\t\t\t\t\t\t\t\t\t\t\t\t\t\t\t\t\t\t\t<\/div>\n\t\t\t\t\t<\/div>\n\t\t\t\t\t\t<\/div>\n\t\t\t\t\t\t<\/div>\n\t\t\t\t<\/div>\n\t\t\t\t\t<\/div>\n\t\t<\/div>\n\t\t\t\t\t<\/div>\n\t\t<\/section>\n\t\t\t\t<\/div>\n\t\t","protected":false},"excerpt":{"rendered":"<p>Il n\u2019y a pas que Wilrijk qui vit au rythme des exploits des meilleurs hockeyeurs et hockeyeuses europ\u00e9ens. A quelques kilom\u00e8tres de l\u00e0, dans le club du Victory, le Cronos [&hellip;]<\/p>\n","protected":false},"author":5,"featured_media":13900,"comment_status":"closed","ping_status":"closed","sticky":false,"template":"","format":"standard","meta":{"_acf_changed":false,"footnotes":""},"categories":[204],"tags":[],"class_list":["post-13899","post","type-post","status-publish","format-standard","has-post-thumbnail","hentry","category-parahockey-2"],"acf":[],"yoast_head":"<!-- This site is optimized with the Yoast SEO plugin v27.4 - https:\/\/yoast.com\/product\/yoast-seo-wordpress\/ -->\n<title>Le ParaHockey en f\u00eate au Victory\u00a0! - Hockey Belgium<\/title>\n<meta name=\"robots\" content=\"index, follow, max-snippet:-1, max-image-preview:large, max-video-preview:-1\" \/>\n<link rel=\"canonical\" href=\"https:\/\/hockey.be\/fr\/le-parahockey-en-fete-au-victory\/\" \/>\n<meta property=\"og:locale\" content=\"fr_FR\" \/>\n<meta property=\"og:type\" content=\"article\" \/>\n<meta property=\"og:title\" content=\"Le ParaHockey en f\u00eate au Victory\u00a0! - Hockey Belgium\" \/>\n<meta property=\"og:description\" content=\"Il n\u2019y a pas que Wilrijk qui vit au rythme des exploits des meilleurs hockeyeurs et hockeyeuses europ\u00e9ens. A quelques kilom\u00e8tres de l\u00e0, dans le club du Victory, le Cronos [&hellip;]\" \/>\n<meta property=\"og:url\" content=\"https:\/\/hockey.be\/fr\/le-parahockey-en-fete-au-victory\/\" \/>\n<meta property=\"og:site_name\" content=\"Hockey Belgium\" \/>\n<meta property=\"article:published_time\" content=\"2019-08-19T16:46:20+00:00\" \/>\n<meta property=\"article:modified_time\" content=\"2019-08-28T09:56:06+00:00\" \/>\n<meta property=\"og:image\" content=\"https:\/\/hockey.be\/wp-content\/uploads\/2019\/08\/Valentins-photos-6.jpeg\" \/>\n\t<meta property=\"og:image:width\" content=\"1920\" \/>\n\t<meta property=\"og:image:height\" content=\"1440\" \/>\n\t<meta property=\"og:image:type\" content=\"image\/jpeg\" \/>\n<meta name=\"author\" content=\"Denis Van Damme\" \/>\n<meta name=\"twitter:card\" content=\"summary_large_image\" \/>\n<meta name=\"twitter:label1\" content=\"\u00c9crit par\" \/>\n\t<meta name=\"twitter:data1\" content=\"Denis Van Damme\" \/>\n\t<meta name=\"twitter:label2\" content=\"Dur\u00e9e de lecture estim\u00e9e\" \/>\n\t<meta name=\"twitter:data2\" content=\"2 minutes\" \/>\n<script type=\"application\/ld+json\" class=\"yoast-schema-graph\">{\"@context\":\"https:\\\/\\\/schema.org\",\"@graph\":[{\"@type\":\"Article\",\"@id\":\"https:\\\/\\\/hockey.be\\\/fr\\\/le-parahockey-en-fete-au-victory\\\/#article\",\"isPartOf\":{\"@id\":\"https:\\\/\\\/hockey.be\\\/fr\\\/le-parahockey-en-fete-au-victory\\\/\"},\"author\":{\"name\":\"Denis Van Damme\",\"@id\":\"https:\\\/\\\/hockey.be\\\/nl\\\/#\\\/schema\\\/person\\\/2bc2a821c4379518fafd1124959a370d\"},\"headline\":\"Le ParaHockey en f\u00eate au Victory\u00a0!\",\"datePublished\":\"2019-08-19T16:46:20+00:00\",\"dateModified\":\"2019-08-28T09:56:06+00:00\",\"mainEntityOfPage\":{\"@id\":\"https:\\\/\\\/hockey.be\\\/fr\\\/le-parahockey-en-fete-au-victory\\\/\"},\"wordCount\":471,\"publisher\":{\"@id\":\"https:\\\/\\\/hockey.be\\\/nl\\\/#organization\"},\"image\":{\"@id\":\"https:\\\/\\\/hockey.be\\\/fr\\\/le-parahockey-en-fete-au-victory\\\/#primaryimage\"},\"thumbnailUrl\":\"https:\\\/\\\/hockey.be\\\/wp-content\\\/uploads\\\/2019\\\/08\\\/Valentins-photos-6.jpeg\",\"articleSection\":[\"ParaHockey News\"],\"inLanguage\":\"fr-FR\"},{\"@type\":\"WebPage\",\"@id\":\"https:\\\/\\\/hockey.be\\\/fr\\\/le-parahockey-en-fete-au-victory\\\/\",\"url\":\"https:\\\/\\\/hockey.be\\\/fr\\\/le-parahockey-en-fete-au-victory\\\/\",\"name\":\"Le ParaHockey en f\u00eate au Victory\u00a0! - Hockey Belgium\",\"isPartOf\":{\"@id\":\"https:\\\/\\\/hockey.be\\\/nl\\\/#website\"},\"primaryImageOfPage\":{\"@id\":\"https:\\\/\\\/hockey.be\\\/fr\\\/le-parahockey-en-fete-au-victory\\\/#primaryimage\"},\"image\":{\"@id\":\"https:\\\/\\\/hockey.be\\\/fr\\\/le-parahockey-en-fete-au-victory\\\/#primaryimage\"},\"thumbnailUrl\":\"https:\\\/\\\/hockey.be\\\/wp-content\\\/uploads\\\/2019\\\/08\\\/Valentins-photos-6.jpeg\",\"datePublished\":\"2019-08-19T16:46:20+00:00\",\"dateModified\":\"2019-08-28T09:56:06+00:00\",\"breadcrumb\":{\"@id\":\"https:\\\/\\\/hockey.be\\\/fr\\\/le-parahockey-en-fete-au-victory\\\/#breadcrumb\"},\"inLanguage\":\"fr-FR\",\"potentialAction\":[{\"@type\":\"ReadAction\",\"target\":[\"https:\\\/\\\/hockey.be\\\/fr\\\/le-parahockey-en-fete-au-victory\\\/\"]}]},{\"@type\":\"ImageObject\",\"inLanguage\":\"fr-FR\",\"@id\":\"https:\\\/\\\/hockey.be\\\/fr\\\/le-parahockey-en-fete-au-victory\\\/#primaryimage\",\"url\":\"https:\\\/\\\/hockey.be\\\/wp-content\\\/uploads\\\/2019\\\/08\\\/Valentins-photos-6.jpeg\",\"contentUrl\":\"https:\\\/\\\/hockey.be\\\/wp-content\\\/uploads\\\/2019\\\/08\\\/Valentins-photos-6.jpeg\",\"width\":1920,\"height\":1440},{\"@type\":\"BreadcrumbList\",\"@id\":\"https:\\\/\\\/hockey.be\\\/fr\\\/le-parahockey-en-fete-au-victory\\\/#breadcrumb\",\"itemListElement\":[{\"@type\":\"ListItem\",\"position\":1,\"name\":\"Home\",\"item\":\"https:\\\/\\\/hockey.be\\\/fr\\\/\"},{\"@type\":\"ListItem\",\"position\":2,\"name\":\"Le ParaHockey en f\u00eate au Victory\u00a0!\"}]},{\"@type\":\"WebSite\",\"@id\":\"https:\\\/\\\/hockey.be\\\/nl\\\/#website\",\"url\":\"https:\\\/\\\/hockey.be\\\/nl\\\/\",\"name\":\"Hockey Belgium\",\"description\":\"En nog een WordPress website\",\"publisher\":{\"@id\":\"https:\\\/\\\/hockey.be\\\/nl\\\/#organization\"},\"potentialAction\":[{\"@type\":\"SearchAction\",\"target\":{\"@type\":\"EntryPoint\",\"urlTemplate\":\"https:\\\/\\\/hockey.be\\\/nl\\\/?s={search_term_string}\"},\"query-input\":{\"@type\":\"PropertyValueSpecification\",\"valueRequired\":true,\"valueName\":\"search_term_string\"}}],\"inLanguage\":\"fr-FR\"},{\"@type\":\"Organization\",\"@id\":\"https:\\\/\\\/hockey.be\\\/nl\\\/#organization\",\"name\":\"Hockey Belgium\",\"url\":\"https:\\\/\\\/hockey.be\\\/nl\\\/\",\"logo\":{\"@type\":\"ImageObject\",\"inLanguage\":\"fr-FR\",\"@id\":\"https:\\\/\\\/hockey.be\\\/nl\\\/#\\\/schema\\\/logo\\\/image\\\/\",\"url\":\"https:\\\/\\\/hockey.be\\\/wp-content\\\/uploads\\\/2025\\\/07\\\/logo-hockey-be.svg\",\"contentUrl\":\"https:\\\/\\\/hockey.be\\\/wp-content\\\/uploads\\\/2025\\\/07\\\/logo-hockey-be.svg\",\"width\":724.16,\"height\":241.49,\"caption\":\"Hockey Belgium\"},\"image\":{\"@id\":\"https:\\\/\\\/hockey.be\\\/nl\\\/#\\\/schema\\\/logo\\\/image\\\/\"}},{\"@type\":\"Person\",\"@id\":\"https:\\\/\\\/hockey.be\\\/nl\\\/#\\\/schema\\\/person\\\/2bc2a821c4379518fafd1124959a370d\",\"name\":\"Denis Van Damme\",\"image\":{\"@type\":\"ImageObject\",\"inLanguage\":\"fr-FR\",\"@id\":\"https:\\\/\\\/secure.gravatar.com\\\/avatar\\\/74fd4d8e75abd67001369f0cb6e5d124c58cfad42fcd81bd05aa366396ca7328?s=96&d=mm&r=g\",\"url\":\"https:\\\/\\\/secure.gravatar.com\\\/avatar\\\/74fd4d8e75abd67001369f0cb6e5d124c58cfad42fcd81bd05aa366396ca7328?s=96&d=mm&r=g\",\"contentUrl\":\"https:\\\/\\\/secure.gravatar.com\\\/avatar\\\/74fd4d8e75abd67001369f0cb6e5d124c58cfad42fcd81bd05aa366396ca7328?s=96&d=mm&r=g\",\"caption\":\"Denis Van Damme\"},\"url\":\"https:\\\/\\\/hockey.be\\\/fr\\\/author\\\/denis\\\/\"}]}<\/script>\n<!-- \/ Yoast SEO plugin. -->","yoast_head_json":{"title":"Le ParaHockey en f\u00eate au Victory\u00a0! - Hockey Belgium","robots":{"index":"index","follow":"follow","max-snippet":"max-snippet:-1","max-image-preview":"max-image-preview:large","max-video-preview":"max-video-preview:-1"},"canonical":"https:\/\/hockey.be\/fr\/le-parahockey-en-fete-au-victory\/","og_locale":"fr_FR","og_type":"article","og_title":"Le ParaHockey en f\u00eate au Victory\u00a0! - Hockey Belgium","og_description":"Il n\u2019y a pas que Wilrijk qui vit au rythme des exploits des meilleurs hockeyeurs et hockeyeuses europ\u00e9ens. A quelques kilom\u00e8tres de l\u00e0, dans le club du Victory, le Cronos [&hellip;]","og_url":"https:\/\/hockey.be\/fr\/le-parahockey-en-fete-au-victory\/","og_site_name":"Hockey Belgium","article_published_time":"2019-08-19T16:46:20+00:00","article_modified_time":"2019-08-28T09:56:06+00:00","og_image":[{"width":1920,"height":1440,"url":"https:\/\/hockey.be\/wp-content\/uploads\/2019\/08\/Valentins-photos-6.jpeg","type":"image\/jpeg"}],"author":"Denis Van Damme","twitter_card":"summary_large_image","twitter_misc":{"\u00c9crit par":"Denis Van Damme","Dur\u00e9e de lecture estim\u00e9e":"2 minutes"},"schema":{"@context":"https:\/\/schema.org","@graph":[{"@type":"Article","@id":"https:\/\/hockey.be\/fr\/le-parahockey-en-fete-au-victory\/#article","isPartOf":{"@id":"https:\/\/hockey.be\/fr\/le-parahockey-en-fete-au-victory\/"},"author":{"name":"Denis Van Damme","@id":"https:\/\/hockey.be\/nl\/#\/schema\/person\/2bc2a821c4379518fafd1124959a370d"},"headline":"Le ParaHockey en f\u00eate au Victory\u00a0!","datePublished":"2019-08-19T16:46:20+00:00","dateModified":"2019-08-28T09:56:06+00:00","mainEntityOfPage":{"@id":"https:\/\/hockey.be\/fr\/le-parahockey-en-fete-au-victory\/"},"wordCount":471,"publisher":{"@id":"https:\/\/hockey.be\/nl\/#organization"},"image":{"@id":"https:\/\/hockey.be\/fr\/le-parahockey-en-fete-au-victory\/#primaryimage"},"thumbnailUrl":"https:\/\/hockey.be\/wp-content\/uploads\/2019\/08\/Valentins-photos-6.jpeg","articleSection":["ParaHockey News"],"inLanguage":"fr-FR"},{"@type":"WebPage","@id":"https:\/\/hockey.be\/fr\/le-parahockey-en-fete-au-victory\/","url":"https:\/\/hockey.be\/fr\/le-parahockey-en-fete-au-victory\/","name":"Le ParaHockey en f\u00eate au Victory\u00a0! - Hockey Belgium","isPartOf":{"@id":"https:\/\/hockey.be\/nl\/#website"},"primaryImageOfPage":{"@id":"https:\/\/hockey.be\/fr\/le-parahockey-en-fete-au-victory\/#primaryimage"},"image":{"@id":"https:\/\/hockey.be\/fr\/le-parahockey-en-fete-au-victory\/#primaryimage"},"thumbnailUrl":"https:\/\/hockey.be\/wp-content\/uploads\/2019\/08\/Valentins-photos-6.jpeg","datePublished":"2019-08-19T16:46:20+00:00","dateModified":"2019-08-28T09:56:06+00:00","breadcrumb":{"@id":"https:\/\/hockey.be\/fr\/le-parahockey-en-fete-au-victory\/#breadcrumb"},"inLanguage":"fr-FR","potentialAction":[{"@type":"ReadAction","target":["https:\/\/hockey.be\/fr\/le-parahockey-en-fete-au-victory\/"]}]},{"@type":"ImageObject","inLanguage":"fr-FR","@id":"https:\/\/hockey.be\/fr\/le-parahockey-en-fete-au-victory\/#primaryimage","url":"https:\/\/hockey.be\/wp-content\/uploads\/2019\/08\/Valentins-photos-6.jpeg","contentUrl":"https:\/\/hockey.be\/wp-content\/uploads\/2019\/08\/Valentins-photos-6.jpeg","width":1920,"height":1440},{"@type":"BreadcrumbList","@id":"https:\/\/hockey.be\/fr\/le-parahockey-en-fete-au-victory\/#breadcrumb","itemListElement":[{"@type":"ListItem","position":1,"name":"Home","item":"https:\/\/hockey.be\/fr\/"},{"@type":"ListItem","position":2,"name":"Le ParaHockey en f\u00eate au Victory\u00a0!"}]},{"@type":"WebSite","@id":"https:\/\/hockey.be\/nl\/#website","url":"https:\/\/hockey.be\/nl\/","name":"Hockey Belgium","description":"En nog een WordPress website","publisher":{"@id":"https:\/\/hockey.be\/nl\/#organization"},"potentialAction":[{"@type":"SearchAction","target":{"@type":"EntryPoint","urlTemplate":"https:\/\/hockey.be\/nl\/?s={search_term_string}"},"query-input":{"@type":"PropertyValueSpecification","valueRequired":true,"valueName":"search_term_string"}}],"inLanguage":"fr-FR"},{"@type":"Organization","@id":"https:\/\/hockey.be\/nl\/#organization","name":"Hockey Belgium","url":"https:\/\/hockey.be\/nl\/","logo":{"@type":"ImageObject","inLanguage":"fr-FR","@id":"https:\/\/hockey.be\/nl\/#\/schema\/logo\/image\/","url":"https:\/\/hockey.be\/wp-content\/uploads\/2025\/07\/logo-hockey-be.svg","contentUrl":"https:\/\/hockey.be\/wp-content\/uploads\/2025\/07\/logo-hockey-be.svg","width":724.16,"height":241.49,"caption":"Hockey Belgium"},"image":{"@id":"https:\/\/hockey.be\/nl\/#\/schema\/logo\/image\/"}},{"@type":"Person","@id":"https:\/\/hockey.be\/nl\/#\/schema\/person\/2bc2a821c4379518fafd1124959a370d","name":"Denis Van Damme","image":{"@type":"ImageObject","inLanguage":"fr-FR","@id":"https:\/\/secure.gravatar.com\/avatar\/74fd4d8e75abd67001369f0cb6e5d124c58cfad42fcd81bd05aa366396ca7328?s=96&d=mm&r=g","url":"https:\/\/secure.gravatar.com\/avatar\/74fd4d8e75abd67001369f0cb6e5d124c58cfad42fcd81bd05aa366396ca7328?s=96&d=mm&r=g","contentUrl":"https:\/\/secure.gravatar.com\/avatar\/74fd4d8e75abd67001369f0cb6e5d124c58cfad42fcd81bd05aa366396ca7328?s=96&d=mm&r=g","caption":"Denis Van Damme"},"url":"https:\/\/hockey.be\/fr\/author\/denis\/"}]}},"_links":{"self":[{"href":"https:\/\/hockey.be\/fr\/wp-json\/wp\/v2\/posts\/13899","targetHints":{"allow":["GET"]}}],"collection":[{"href":"https:\/\/hockey.be\/fr\/wp-json\/wp\/v2\/posts"}],"about":[{"href":"https:\/\/hockey.be\/fr\/wp-json\/wp\/v2\/types\/post"}],"author":[{"embeddable":true,"href":"https:\/\/hockey.be\/fr\/wp-json\/wp\/v2\/users\/5"}],"replies":[{"embeddable":true,"href":"https:\/\/hockey.be\/fr\/wp-json\/wp\/v2\/comments?post=13899"}],"version-history":[{"count":0,"href":"https:\/\/hockey.be\/fr\/wp-json\/wp\/v2\/posts\/13899\/revisions"}],"wp:featuredmedia":[{"embeddable":true,"href":"https:\/\/hockey.be\/fr\/wp-json\/wp\/v2\/media\/13900"}],"wp:attachment":[{"href":"https:\/\/hockey.be\/fr\/wp-json\/wp\/v2\/media?parent=13899"}],"wp:term":[{"taxonomy":"category","embeddable":true,"href":"https:\/\/hockey.be\/fr\/wp-json\/wp\/v2\/categories?post=13899"},{"taxonomy":"post_tag","embeddable":true,"href":"https:\/\/hockey.be\/fr\/wp-json\/wp\/v2\/tags?post=13899"}],"curies":[{"name":"wp","href":"https:\/\/api.w.org\/{rel}","templated":true}]}}